{"id":5858,"date":"2025-06-24T14:39:38","date_gmt":"2025-06-24T14:39:38","guid":{"rendered":"https:\/\/azimuthworldfoundation.org\/sem-categoria\/azimuth-and-partners-at-the-un-permanent-forum-on-indigenous-issues-2025\/"},"modified":"2025-09-01T16:16:15","modified_gmt":"2025-09-01T16:16:15","slug":"azimuth-and-partners-at-the-un-permanent-forum-on-indigenous-issues-2025","status":"publish","type":"post","link":"https:\/\/azimuthworldfoundation.org\/pt-pt\/media-eventos\/azimuth-and-partners-at-the-un-permanent-forum-on-indigenous-issues-2025\/","title":{"rendered":"Particip\u00e1mos, com os nossos parceiros, no F\u00f3rum Permanente da ONU sobre Quest\u00f5es Ind\u00edgenas 2025"},"content":{"rendered":"<div class=\"fusion-fullwidth fullwidth-box fusion-builder-row-1 fusion-flex-container has-pattern-background has-mask-background nonhundred-percent-fullwidth non-hundred-percent-height-scrolling\" style=\"--awb-border-radius-top-left:0px;--awb-border-radius-top-right:0px;--awb-border-radius-bottom-right:0px;--awb-border-radius-bottom-left:0px;--awb-flex-wrap:wrap;\" ><div class=\"fusion-builder-row fusion-row fusion-flex-align-items-flex-start fusion-flex-content-wrap\" style=\"max-width:1248px;margin-left: calc(-4% \/ 2 );margin-right: calc(-4% \/ 2 );\"><div class=\"fusion-layout-column fusion_builder_column fusion-builder-column-0 fusion_builder_column_1_1 1_1 fusion-flex-column\" style=\"--awb-bg-size:cover;--awb-width-large:100%;--awb-margin-top-large:0px;--awb-spacing-right-large:1.92%;--awb-margin-bottom-large:20px;--awb-spacing-left-large:1.92%;--awb-width-medium:100%;--awb-order-medium:0;--awb-spacing-right-medium:1.92%;--awb-spacing-left-medium:1.92%;--awb-width-small:100%;--awb-order-small:0;--awb-spacing-right-small:1.92%;--awb-spacing-left-small:1.92%;\"><div class=\"fusion-column-wrapper fusion-column-has-shadow fusion-flex-justify-content-flex-start fusion-content-layout-column\"><div class=\"fusion-image-element \" style=\"text-align:center;--awb-margin-bottom:20px;--awb-caption-title-font-family:var(--h2_typography-font-family);--awb-caption-title-font-weight:var(--h2_typography-font-weight);--awb-caption-title-font-style:var(--h2_typography-font-style);--awb-caption-title-size:var(--h2_typography-font-size);--awb-caption-title-transform:var(--h2_typography-text-transform);--awb-caption-title-line-height:var(--h2_typography-line-height);--awb-caption-title-letter-spacing:var(--h2_typography-letter-spacing);\"><span class=\" fusion-imageframe imageframe-none imageframe-1 hover-type-none\"><img decoding=\"async\" width=\"1024\" height=\"477\" title=\"UNPFII2025_PostCover.001\" src=\"https:\/\/azimuthworldfoundation.org\/wp-content\/uploads\/2025\/06\/UNPFII2025_PostCover.001-1.jpeg\" data-orig-src=\"https:\/\/azimuthworldfoundation.org\/wp-content\/uploads\/2025\/06\/UNPFII2025_PostCover.001-1-1024x477.jpeg\" alt class=\"lazyload img-responsive wp-image-5815\" srcset=\"data:image\/svg+xml,%3Csvg%20xmlns%3D%27http%3A%2F%2Fwww.w3.org%2F2000%2Fsvg%27%20width%3D%271080%27%20height%3D%27503%27%20viewBox%3D%270%200%201080%20503%27%3E%3Crect%20width%3D%271080%27%20height%3D%27503%27%20fill-opacity%3D%220%22%2F%3E%3C%2Fsvg%3E\" data-srcset=\"https:\/\/azimuthworldfoundation.org\/wp-content\/uploads\/2025\/06\/UNPFII2025_PostCover.001-1-200x93.jpeg 200w, https:\/\/azimuthworldfoundation.org\/wp-content\/uploads\/2025\/06\/UNPFII2025_PostCover.001-1-400x186.jpeg 400w, https:\/\/azimuthworldfoundation.org\/wp-content\/uploads\/2025\/06\/UNPFII2025_PostCover.001-1-600x279.jpeg 600w, https:\/\/azimuthworldfoundation.org\/wp-content\/uploads\/2025\/06\/UNPFII2025_PostCover.001-1-800x373.jpeg 800w, https:\/\/azimuthworldfoundation.org\/wp-content\/uploads\/2025\/06\/UNPFII2025_PostCover.001-1.jpeg 1080w\" data-sizes=\"auto\" data-orig-sizes=\"(max-width: 640px) 100vw, 1024px\" \/><\/span><\/div><div class=\"fusion-text fusion-text-1\" style=\"--awb-font-size:30px;--awb-text-font-family:&quot;NeueKabel-Black&quot;;--awb-text-font-style:normal;--awb-text-font-weight:400;\"><p><span style=\"font-family: var(--awb-text-font-family); font-size: var(--awb-font-size); font-style: var(--awb-text-font-style); letter-spacing: var(--awb-letter-spacing); text-align: var(--awb-content-alignment); text-transform: var(--awb-text-transform);\">Jacque Macharia, a nossa Coordenadora Regional para \u00c1frica, representou a Azimuth neste <a style=\"color: var(--awb-color4);\" href=\"https:\/\/social.desa.un.org\/issues\/indigenous-peoples\/unpfii\/24th-session\" target=\"_blank\" rel=\"noopener noreferrer\"><u>importante encontro<\/u><\/a>, que teve lugar em abril de 2025, na sede das Na\u00e7\u00f5es Unidas em Nova Iorque.<\/span><\/p>\n<\/div><div class=\"fusion-text fusion-text-2\"><p>A edi\u00e7\u00e3o deste ano do F\u00f3rum Permanente das Na\u00e7\u00f5es Unidas sobre Quest\u00f5es Ind\u00edgenas (UNPFII) centrou-se na implementa\u00e7\u00e3o da <a style=\"color: var(--awb-color4);\" href=\"https:\/\/www.un.org\/development\/desa\/indigenouspeoples\/wp-content\/uploads\/sites\/19\/2018\/11\/UNDRIP_E_web.pdf\" target=\"_blank\" rel=\"noopener noreferrer\"><u>Declara\u00e7\u00e3o das Na\u00e7\u00f5es Unidas sobre os Direitos dos Povos Ind\u00edgenas<\/u><\/a>, pelos Estados Membros e pelo sistema das Na\u00e7\u00f5es Unidas. Uma reflex\u00e3o alicer\u00e7ada na identifica\u00e7\u00e3o de boas pr\u00e1ticas, mas tamb\u00e9m dos desafios que persistem. Foi, por isso, um marco importante, na avalia\u00e7\u00e3o dos progressos e objectivos futuros, no que concerne o respeito pelos direitos dos povos ind\u00edgenas de todo o mundo.<\/p>\n<p>No seguimento da nossa j\u00e1 <a style=\"color: var(--awb-color4);\" href=\"https:\/\/azimuthworldfoundation.org\/partnerships\/grassroots-organizations\/jamii-asilia-centre\/\" target=\"_blank\" rel=\"noopener noreferrer\"><u>longa parceria<\/u><\/a> com a <a style=\"color: var(--awb-color4);\" href=\"https:\/\/jamiiasilia.org\/\" target=\"_blank\" rel=\"noopener noreferrer\"><u>Jamii Asilia Centre<\/u><\/a>, apoi\u00e1mos a viagem e participa\u00e7\u00e3o de Carson Kiburo no no UNPFII 2025. Carson \u00e9 diretor executivo desta organiza\u00e7\u00e3o de jovens Endorois, e a sua participa\u00e7\u00e3o exemplifica bem a import\u00e2ncia de incluir jovens lideran\u00e7as ind\u00edgenas nos di\u00e1logos globais em torno da autodetermina\u00e7\u00e3o e da implementa\u00e7\u00e3o de direitos.<\/p>\n<\/div><div class=\"fusion-separator fusion-full-width-sep\" style=\"align-self: center;margin-left: auto;margin-right: auto;margin-bottom:20px;width:100%;\"><div class=\"fusion-separator-border sep-double sep-solid\" style=\"--awb-height:20px;--awb-amount:20px;--awb-sep-color:var(--awb-color4);border-color:var(--awb-color4);border-top-width:15px;border-bottom-width:15px;\"><\/div><\/div><a class=\"fusion-modal-text-link\" href=\"#\">\n<blockquote class=\"instagram-media\" data-instgrm-captioned data-instgrm-permalink=\"https:\/\/www.instagram.com\/reel\/DJEUnnpsO3r\/?utm_source=ig_embed&amp;utm_campaign=loading\" data-instgrm-version=\"14\" style=\" background:#FFF; border:0; border-radius:3px; box-shadow:0 0 1px 0 rgba(0,0,0,0.5),0 1px 10px 0 rgba(0,0,0,0.15); margin: 1px; max-width:540px; min-width:326px; padding:0; width:99.375%; width:-webkit-calc(100% - 2px); width:calc(100% - 2px);\">\n<div style=\"padding:16px;\"> <a href=\"https:\/\/www.instagram.com\/reel\/DJEUnnpsO3r\/?utm_source=ig_embed&amp;utm_campaign=loading\" style=\" background:#FFFFFF; line-height:0; padding:0 0; text-align:center; text-decoration:none; width:100%;\" target=\"_blank\"> <\/p>\n<div style=\" display: flex; flex-direction: row; align-items: center;\">\n<div style=\"background-color: #F4F4F4; border-radius: 50%; flex-grow: 0; height: 40px; margin-right: 14px; width: 40px;\"><\/div>\n<div style=\"display: flex; flex-direction: column; flex-grow: 1; justify-content: center;\">\n<div style=\" background-color: #F4F4F4; border-radius: 4px; flex-grow: 0; height: 14px; margin-bottom: 6px; width: 100px;\"><\/div>\n<div style=\" background-color: #F4F4F4; border-radius: 4px; flex-grow: 0; height: 14px; width: 60px;\"><\/div>\n<\/div>\n<\/div>\n<div style=\"padding: 19% 0;\"><\/div>\n<div style=\"display:block; height:50px; margin:0 auto 12px; width:50px;\"><svg width=\"50px\" height=\"50px\" viewBox=\"0 0 60 60\" version=\"1.1\" xmlns=\"https:\/\/www.w3.org\/2000\/svg\" xmlns:xlink=\"https:\/\/www.w3.org\/1999\/xlink\"><g stroke=\"none\" stroke-width=\"1\" fill=\"none\" fill-rule=\"evenodd\"><g transform=\"translate(-511.000000, -20.000000)\" fill=\"#000000\"><g><path d=\"M556.869,30.41 C554.814,30.41 553.148,32.076 553.148,34.131 C553.148,36.186 554.814,37.852 556.869,37.852 C558.924,37.852 560.59,36.186 560.59,34.131 C560.59,32.076 558.924,30.41 556.869,30.41 M541,60.657 C535.114,60.657 530.342,55.887 530.342,50 C530.342,44.114 535.114,39.342 541,39.342 C546.887,39.342 551.658,44.114 551.658,50 C551.658,55.887 546.887,60.657 541,60.657 M541,33.886 C532.1,33.886 524.886,41.1 524.886,50 C524.886,58.899 532.1,66.113 541,66.113 C549.9,66.113 557.115,58.899 557.115,50 C557.115,41.1 549.9,33.886 541,33.886 M565.378,62.101 C565.244,65.022 564.756,66.606 564.346,67.663 C563.803,69.06 563.154,70.057 562.106,71.106 C561.058,72.155 560.06,72.803 558.662,73.347 C557.607,73.757 556.021,74.244 553.102,74.378 C549.944,74.521 548.997,74.552 541,74.552 C533.003,74.552 532.056,74.521 528.898,74.378 C525.979,74.244 524.393,73.757 523.338,73.347 C521.94,72.803 520.942,72.155 519.894,71.106 C518.846,70.057 518.197,69.06 517.654,67.663 C517.244,66.606 516.755,65.022 516.623,62.101 C516.479,58.943 516.448,57.996 516.448,50 C516.448,42.003 516.479,41.056 516.623,37.899 C516.755,34.978 517.244,33.391 517.654,32.338 C518.197,30.938 518.846,29.942 519.894,28.894 C520.942,27.846 521.94,27.196 523.338,26.654 C524.393,26.244 525.979,25.756 528.898,25.623 C532.057,25.479 533.004,25.448 541,25.448 C548.997,25.448 549.943,25.479 553.102,25.623 C556.021,25.756 557.607,26.244 558.662,26.654 C560.06,27.196 561.058,27.846 562.106,28.894 C563.154,29.942 563.803,30.938 564.346,32.338 C564.756,33.391 565.244,34.978 565.378,37.899 C565.522,41.056 565.552,42.003 565.552,50 C565.552,57.996 565.522,58.943 565.378,62.101 M570.82,37.631 C570.674,34.438 570.167,32.258 569.425,30.349 C568.659,28.377 567.633,26.702 565.965,25.035 C564.297,23.368 562.623,22.342 560.652,21.575 C558.743,20.834 556.562,20.326 553.369,20.18 C550.169,20.033 549.148,20 541,20 C532.853,20 531.831,20.033 528.631,20.18 C525.438,20.326 523.257,20.834 521.349,21.575 C519.376,22.342 517.703,23.368 516.035,25.035 C514.368,26.702 513.342,28.377 512.574,30.349 C511.834,32.258 511.326,34.438 511.181,37.631 C511.035,40.831 511,41.851 511,50 C511,58.147 511.035,59.17 511.181,62.369 C511.326,65.562 511.834,67.743 512.574,69.651 C513.342,71.625 514.368,73.296 516.035,74.965 C517.703,76.634 519.376,77.658 521.349,78.425 C523.257,79.167 525.438,79.673 528.631,79.82 C531.831,79.965 532.853,80.001 541,80.001 C549.148,80.001 550.169,79.965 553.369,79.82 C556.562,79.673 558.743,79.167 560.652,78.425 C562.623,77.658 564.297,76.634 565.965,74.965 C567.633,73.296 568.659,71.625 569.425,69.651 C570.167,67.743 570.674,65.562 570.82,62.369 C570.966,59.17 571,58.147 571,50 C571,41.851 570.966,40.831 570.82,37.631\"><\/path><\/g><\/g><\/g><\/svg><\/div>\n<div style=\"padding-top: 8px;\">\n<div style=\" color:#3897f0; font-family:Arial,sans-serif; font-size:14px; font-style:normal; font-weight:550; line-height:18px;\">View this post on Instagram<\/div>\n<\/div>\n<div style=\"padding: 12.5% 0;\"><\/div>\n<div style=\"display: flex; flex-direction: row; margin-bottom: 14px; align-items: center;\">\n<div>\n<div style=\"background-color: #F4F4F4; border-radius: 50%; height: 12.5px; width: 12.5px; transform: translateX(0px) translateY(7px);\"><\/div>\n<div style=\"background-color: #F4F4F4; height: 12.5px; transform: rotate(-45deg) translateX(3px) translateY(1px); width: 12.5px; flex-grow: 0; margin-right: 14px; margin-left: 2px;\"><\/div>\n<div style=\"background-color: #F4F4F4; border-radius: 50%; height: 12.5px; width: 12.5px; transform: translateX(9px) translateY(-18px);\"><\/div>\n<\/div>\n<div style=\"margin-left: 8px;\">\n<div style=\" background-color: #F4F4F4; border-radius: 50%; flex-grow: 0; height: 20px; width: 20px;\"><\/div>\n<div style=\" width: 0; height: 0; border-top: 2px solid transparent; border-left: 6px solid #f4f4f4; border-bottom: 2px solid transparent; transform: translateX(16px) translateY(-4px) rotate(30deg)\"><\/div>\n<\/div>\n<div style=\"margin-left: auto;\">\n<div style=\" width: 0px; border-top: 8px solid #F4F4F4; border-right: 8px solid transparent; transform: translateY(16px);\"><\/div>\n<div style=\" background-color: #F4F4F4; flex-grow: 0; height: 12px; width: 16px; transform: translateY(-4px);\"><\/div>\n<div style=\" width: 0; height: 0; border-top: 8px solid #F4F4F4; border-left: 8px solid transparent; transform: translateY(-4px) translateX(8px);\"><\/div>\n<\/div>\n<\/div>\n<div style=\"display: flex; flex-direction: column; flex-grow: 1; justify-content: center; margin-bottom: 24px;\">\n<div style=\" background-color: #F4F4F4; border-radius: 4px; flex-grow: 0; height: 14px; margin-bottom: 6px; width: 224px;\"><\/div>\n<div style=\" background-color: #F4F4F4; border-radius: 4px; flex-grow: 0; height: 14px; width: 144px;\"><\/div>\n<\/div>\n<p><\/a><\/p>\n<p style=\" color:#c9c8cd; font-family:Arial,sans-serif; font-size:14px; line-height:17px; margin-bottom:0; margin-top:8px; overflow:hidden; padding:8px 0 7px; text-align:center; text-overflow:ellipsis; white-space:nowrap;\"><a href=\"https:\/\/www.instagram.com\/reel\/DJEUnnpsO3r\/?utm_source=ig_embed&amp;utm_campaign=loading\" style=\" color:#c9c8cd; font-family:Arial,sans-serif; font-size:14px; font-style:normal; font-weight:normal; line-height:17px; text-decoration:none;\" target=\"_blank\">A post shared by Azimuth World Foundation (@azimuthworldfoundation)<\/a><\/p>\n<\/div>\n<\/blockquote>\n<p><script async src=\"\/\/www.instagram.com\/embed.js\"><\/script><\/a><div class=\"fusion-text fusion-text-3\" style=\"--awb-margin-top:20px;\"><p>Foi uma semana muito preenchida para Carson. H\u00e1 que destacar a sua participa\u00e7\u00e3o num painel que o colocou lado a lado com conceituados anci\u00e3os ind\u00edgenas e especialistas na Declara\u00e7\u00e3o dos Direitos Ind\u00edgenas da ONU (UNDRIP), entre os quais Kenneth Deer, a Professora Elsa Stamatopoulou, o Dr. Binota e Myrna Cunningham.<\/p>\n<p>Um di\u00e1logo intergeracional que salientou a forma como a transfer\u00eancia de conhecimentos entre gera\u00e7\u00f5es est\u00e1 no centro dos movimentos ind\u00edgenas, tanto locais, como globais.<\/p>\n<p><i><br \/>\n&#8220;Foi m\u00e1gico para mim estar sentado ali. N\u00e3o parecia real, a oportunidade de partilhar o palco com estes anci\u00e3os. Fui convidado para partilhar a minha experi\u00eancia ao n\u00edvel da transfer\u00eancia intergeracional de conhecimento, pude falar sobre como t\u00eam corrido os nossos projectos, e tamb\u00e9m sobre o que conquist\u00e1mos quando estive na lideran\u00e7a do Indigenous Youth Caucus da ONU. Foi muito especial.\u201d &#8211; <span style=\"font-family: var(--awb-text-font-family); font-size: var(--awb-font-size); letter-spacing: var(--awb-letter-spacing); text-align: var(--awb-content-alignment); text-transform: var(--awb-text-transform);\">Carson Kiburo<\/span><\/i><\/p>\n<\/div><div class=\"fusion-image-element \" style=\"text-align:center;--awb-margin-bottom:20px;--awb-caption-title-font-family:var(--h2_typography-font-family);--awb-caption-title-font-weight:var(--h2_typography-font-weight);--awb-caption-title-font-style:var(--h2_typography-font-style);--awb-caption-title-size:var(--h2_typography-font-size);--awb-caption-title-transform:var(--h2_typography-text-transform);--awb-caption-title-line-height:var(--h2_typography-line-height);--awb-caption-title-letter-spacing:var(--h2_typography-letter-spacing);\"><span class=\" fusion-imageframe imageframe-none imageframe-2 hover-type-none\"><img decoding=\"async\" width=\"1024\" height=\"768\" title=\"WhatsApp Image 2025-04-24 at 22.10.52\" src=\"https:\/\/azimuthworldfoundation.org\/wp-content\/uploads\/2025\/06\/WhatsApp-Image-2025-04-24-at-22.10.52.jpeg\" data-orig-src=\"https:\/\/azimuthworldfoundation.org\/wp-content\/uploads\/2025\/06\/WhatsApp-Image-2025-04-24-at-22.10.52-1024x768.jpeg\" alt class=\"lazyload img-responsive wp-image-5817\" srcset=\"data:image\/svg+xml,%3Csvg%20xmlns%3D%27http%3A%2F%2Fwww.w3.org%2F2000%2Fsvg%27%20width%3D%271280%27%20height%3D%27960%27%20viewBox%3D%270%200%201280%20960%27%3E%3Crect%20width%3D%271280%27%20height%3D%27960%27%20fill-opacity%3D%220%22%2F%3E%3C%2Fsvg%3E\" data-srcset=\"https:\/\/azimuthworldfoundation.org\/wp-content\/uploads\/2025\/06\/WhatsApp-Image-2025-04-24-at-22.10.52-200x150.jpeg 200w, https:\/\/azimuthworldfoundation.org\/wp-content\/uploads\/2025\/06\/WhatsApp-Image-2025-04-24-at-22.10.52-400x300.jpeg 400w, https:\/\/azimuthworldfoundation.org\/wp-content\/uploads\/2025\/06\/WhatsApp-Image-2025-04-24-at-22.10.52-600x450.jpeg 600w, https:\/\/azimuthworldfoundation.org\/wp-content\/uploads\/2025\/06\/WhatsApp-Image-2025-04-24-at-22.10.52-800x600.jpeg 800w, https:\/\/azimuthworldfoundation.org\/wp-content\/uploads\/2025\/06\/WhatsApp-Image-2025-04-24-at-22.10.52-1200x900.jpeg 1200w, https:\/\/azimuthworldfoundation.org\/wp-content\/uploads\/2025\/06\/WhatsApp-Image-2025-04-24-at-22.10.52.jpeg 1280w\" data-sizes=\"auto\" data-orig-sizes=\"(max-width: 640px) 100vw, 1200px\" \/><\/span><\/div><div class=\"fusion-text fusion-text-4\"><p>Mas ao longo da semana, Carson p\u00f4de tamb\u00e9m explorar muitos outros temas, sendo de destacar as sess\u00f5es dedicadas ao Enquadramento Legal dos Direitos Bio-Culturais e ao Consentimento Livre, Pr\u00e9vio e Informado (FPIC) \u2014 \u00e1reas diretamente relacionadas com o seu trabalho acad\u00e9mico e profissional na \u00e1rea do Direito, e com o trabalho comunit\u00e1rio que a Jamii Asilia leva a cabo.<\/p>\n<p>Para Carson, foi uma oportunidade para aprofundar quest\u00f5es fundamentais, nomeadamente no que se refere ao intuito destes enquadramentos legais: servem verdadeiramente as comunidades ind\u00edgenas ou adv\u00eam de imposi\u00e7\u00f5es externas?<\/p>\n<\/div><div class=\"fusion-image-element awb-imageframe-style awb-imageframe-style-below awb-imageframe-style-3\" style=\"text-align:center;--awb-caption-text-size:15px;--awb-caption-margin-bottom:20px;--awb-caption-title-font-family:&quot;NeueKabel-Regular&quot;;--awb-caption-title-font-weight:400;--awb-caption-title-font-style:normal;--awb-caption-title-size:15px;--awb-caption-title-transform:var(--h2_typography-text-transform);--awb-caption-title-line-height:var(--h2_typography-line-height);--awb-caption-title-letter-spacing:var(--h2_typography-letter-spacing);--awb-caption-text-font-family:&quot;NeueKabel-Regular&quot;;--awb-caption-text-font-style:normal;--awb-caption-text-font-weight:400;\"><span class=\" fusion-imageframe imageframe-none imageframe-3 hover-type-none\"><img decoding=\"async\" width=\"1024\" height=\"768\" title=\"WhatsApp Image 2025-04-24 at 22.09.13\" src=\"https:\/\/azimuthworldfoundation.org\/wp-content\/uploads\/2025\/06\/WhatsApp-Image-2025-04-24-at-22.09.13.jpeg\" data-orig-src=\"https:\/\/azimuthworldfoundation.org\/wp-content\/uploads\/2025\/06\/WhatsApp-Image-2025-04-24-at-22.09.13-1024x768.jpeg\" alt class=\"lazyload img-responsive wp-image-5819\" srcset=\"data:image\/svg+xml,%3Csvg%20xmlns%3D%27http%3A%2F%2Fwww.w3.org%2F2000%2Fsvg%27%20width%3D%272048%27%20height%3D%271536%27%20viewBox%3D%270%200%202048%201536%27%3E%3Crect%20width%3D%272048%27%20height%3D%271536%27%20fill-opacity%3D%220%22%2F%3E%3C%2Fsvg%3E\" data-srcset=\"https:\/\/azimuthworldfoundation.org\/wp-content\/uploads\/2025\/06\/WhatsApp-Image-2025-04-24-at-22.09.13-200x150.jpeg 200w, https:\/\/azimuthworldfoundation.org\/wp-content\/uploads\/2025\/06\/WhatsApp-Image-2025-04-24-at-22.09.13-400x300.jpeg 400w, https:\/\/azimuthworldfoundation.org\/wp-content\/uploads\/2025\/06\/WhatsApp-Image-2025-04-24-at-22.09.13-600x450.jpeg 600w, https:\/\/azimuthworldfoundation.org\/wp-content\/uploads\/2025\/06\/WhatsApp-Image-2025-04-24-at-22.09.13-800x600.jpeg 800w, https:\/\/azimuthworldfoundation.org\/wp-content\/uploads\/2025\/06\/WhatsApp-Image-2025-04-24-at-22.09.13-1200x900.jpeg 1200w\" data-sizes=\"auto\" data-orig-sizes=\"(max-width: 640px) 100vw, 1200px\" \/><\/span><div class=\"awb-imageframe-caption-container\"><div class=\"awb-imageframe-caption\"><h2 class=\"awb-imageframe-caption-title\">WhatsApp Image 2025-04-24 at 22.09.13<\/h2><p class=\"awb-imageframe-caption-text\">Carson foi entrevistado por Edson Krenak, da Cultural Survival<\/p><\/div><\/div><\/div><div class=\"fusion-text fusion-text-5\"><p>N\u00e3o \u00e9 poss\u00edvel acompanharmos as discuss\u00f5es no F\u00f3rum Permanente sem sermos relembrados dos enormes desafios que as comunidades ind\u00edgenas continuam a enfrentar em todo o mundo. Falou-se de discrimina\u00e7\u00e3o sist\u00e9mica e da exclus\u00e3o da tomada de decis\u00f5es. Mas tamb\u00e9m das amea\u00e7as \u00e0s terras e territ\u00f3rios ind\u00edgenas, fruto de projectos desenvolvidos sem consentimento livre, pr\u00e9vio e informado, das ind\u00fastrias extrativas, dos conflitos armados e das altera\u00e7\u00f5es clim\u00e1ticas.<\/p>\n<p>\u00c9 verdade que t\u00eam sido registados avan\u00e7os nalgumas \u00e1reas. Mas no F\u00f3rum enfatizou-se que apesar do Consentimento Livre, Pr\u00e9vio e Informado ser uma pedra angular da Declara\u00e7\u00e3o dos Direitos Ind\u00edgenas, este \u00e9 frequentemente ignorado, o que contribuiu para agravar conflitos e aumentar a marginaliza\u00e7\u00e3o das comunidades.<\/p>\n<p>O <a style=\"color: var(--awb-color4);\" href=\"https:\/\/docs.un.org\/en\/E\/2025\/43\" target=\"_blank\" rel=\"noopener noreferrer\"><u>apelo que ouvimos no F\u00f3rum<\/u><\/a> &#8211; para um compromisso pol\u00edtico mais forte, para a capacita\u00e7\u00e3o das comunidades, para o estabelecimento de parcerias genu\u00ednas com os Povos Ind\u00edgenas &#8211; leva-nos a acreditar que devemos continuar a aprofundar o nosso modelo de apoio a organiza\u00e7\u00f5es ind\u00edgenas, tais como a Jamii Asilia Centre.<\/p>\n<p>Testemunhar o entusiasmo e dedica\u00e7\u00e3o de Carson no UNPFII 2025 lembra-nos que \u00e9 poss\u00edvel alcan\u00e7ar mudan\u00e7as significativas, especialmente quando a juventude ind\u00edgena consegue aceder a plataformas de partilha de conhecimento, quando tem os recursos para defender as suas comunidades, e quando lhe \u00e9 dada a chance de estruturar e contribuir para os di\u00e1logos sobre o seu futuro.<\/p>\n<\/div><\/div><\/div><\/div><\/div>\n","protected":false},"excerpt":{"rendered":"","protected":false},"author":7,"featured_media":5812,"comment_status":"open","ping_status":"open","sticky":false,"template":"","format":"standard","meta":{"_acf_changed":false,"footnotes":""},"categories":[118],"tags":[],"class_list":["post-5858","post","type-post","status-publish","format-standard","has-post-thumbnail","hentry","category-media-eventos"],"acf":[],"_links":{"self":[{"href":"https:\/\/azimuthworldfoundation.org\/pt-pt\/wp-json\/wp\/v2\/posts\/5858","targetHints":{"allow":["GET"]}}],"collection":[{"href":"https:\/\/azimuthworldfoundation.org\/pt-pt\/wp-json\/wp\/v2\/posts"}],"about":[{"href":"https:\/\/azimuthworldfoundation.org\/pt-pt\/wp-json\/wp\/v2\/types\/post"}],"author":[{"embeddable":true,"href":"https:\/\/azimuthworldfoundation.org\/pt-pt\/wp-json\/wp\/v2\/users\/7"}],"replies":[{"embeddable":true,"href":"https:\/\/azimuthworldfoundation.org\/pt-pt\/wp-json\/wp\/v2\/comments?post=5858"}],"version-history":[{"count":0,"href":"https:\/\/azimuthworldfoundation.org\/pt-pt\/wp-json\/wp\/v2\/posts\/5858\/revisions"}],"wp:featuredmedia":[{"embeddable":true,"href":"https:\/\/azimuthworldfoundation.org\/pt-pt\/wp-json\/wp\/v2\/media\/5812"}],"wp:attachment":[{"href":"https:\/\/azimuthworldfoundation.org\/pt-pt\/wp-json\/wp\/v2\/media?parent=5858"}],"wp:term":[{"taxonomy":"category","embeddable":true,"href":"https:\/\/azimuthworldfoundation.org\/pt-pt\/wp-json\/wp\/v2\/categories?post=5858"},{"taxonomy":"post_tag","embeddable":true,"href":"https:\/\/azimuthworldfoundation.org\/pt-pt\/wp-json\/wp\/v2\/tags?post=5858"}],"curies":[{"name":"wp","href":"https:\/\/api.w.org\/{rel}","templated":true}]}}