{"id":5144,"date":"2025-05-28T13:00:49","date_gmt":"2025-05-28T13:00:49","guid":{"rendered":"https:\/\/azimuthworldfoundation.org\/sem-categoria\/connecting-the-dots-with-kaka-wera\/"},"modified":"2025-09-04T16:32:35","modified_gmt":"2025-09-04T16:32:35","slug":"connecting-the-dots-with-kaka-wera","status":"publish","type":"post","link":"https:\/\/azimuthworldfoundation.org\/pt-pt\/historias\/ambiente-territorios-pt-pt-4\/connecting-the-dots-with-kaka-wera\/","title":{"rendered":"Connecting the Dots com Kak\u00e1 Wer\u00e1"},"content":{"rendered":"<p><div class=\"fusion-fullwidth fullwidth-box fusion-builder-row-1 fusion-flex-container has-pattern-background has-mask-background nonhundred-percent-fullwidth non-hundred-percent-height-scrolling\" style=\"--awb-border-radius-top-left:0px;--awb-border-radius-top-right:0px;--awb-border-radius-bottom-right:0px;--awb-border-radius-bottom-left:0px;--awb-flex-wrap:wrap;\" ><div class=\"fusion-builder-row fusion-row fusion-flex-align-items-flex-start fusion-flex-content-wrap\" style=\"max-width:1248px;margin-left: calc(-4% \/ 2 );margin-right: calc(-4% \/ 2 );\"><div class=\"fusion-layout-column fusion_builder_column fusion-builder-column-0 fusion_builder_column_1_1 1_1 fusion-flex-column\" style=\"--awb-bg-size:cover;--awb-width-large:100%;--awb-margin-top-large:0px;--awb-spacing-right-large:1.92%;--awb-margin-bottom-large:20px;--awb-spacing-left-large:1.92%;--awb-width-medium:100%;--awb-order-medium:0;--awb-spacing-right-medium:1.92%;--awb-spacing-left-medium:1.92%;--awb-width-small:100%;--awb-order-small:0;--awb-spacing-right-small:1.92%;--awb-spacing-left-small:1.92%;\"><div class=\"fusion-column-wrapper fusion-column-has-shadow fusion-flex-justify-content-flex-start fusion-content-layout-column\"><div class=\"fusion-image-element awb-imageframe-style awb-imageframe-style-below awb-imageframe-style-1\" style=\"text-align:center;--awb-caption-text-size:15px;--awb-caption-margin-bottom:20px;--awb-caption-title-font-family:var(--h2_typography-font-family);--awb-caption-title-font-weight:var(--h2_typography-font-weight);--awb-caption-title-font-style:var(--h2_typography-font-style);--awb-caption-title-size:var(--h2_typography-font-size);--awb-caption-title-transform:var(--h2_typography-text-transform);--awb-caption-title-line-height:var(--h2_typography-line-height);--awb-caption-title-letter-spacing:var(--h2_typography-letter-spacing);--awb-caption-text-font-family:&quot;NeueKabel-Regular&quot;;--awb-caption-text-font-style:normal;--awb-caption-text-font-weight:400;\"><span class=\" fusion-imageframe imageframe-none imageframe-1 hover-type-none\"><img decoding=\"async\" width=\"1024\" height=\"477\" title=\"CtD_KakaWera_PostCover.001\" src=\"https:\/\/azimuthworldfoundation.org\/wp-content\/uploads\/2025\/05\/CtD_KakaWera_PostCover.001.jpeg\" data-orig-src=\"https:\/\/azimuthworldfoundation.org\/wp-content\/uploads\/2025\/05\/CtD_KakaWera_PostCover.001-1024x477.jpeg\" alt class=\"lazyload img-responsive wp-image-5133\" srcset=\"data:image\/svg+xml,%3Csvg%20xmlns%3D%27http%3A%2F%2Fwww.w3.org%2F2000%2Fsvg%27%20width%3D%271080%27%20height%3D%27503%27%20viewBox%3D%270%200%201080%20503%27%3E%3Crect%20width%3D%271080%27%20height%3D%27503%27%20fill-opacity%3D%220%22%2F%3E%3C%2Fsvg%3E\" data-srcset=\"https:\/\/azimuthworldfoundation.org\/wp-content\/uploads\/2025\/05\/CtD_KakaWera_PostCover.001-200x93.jpeg 200w, https:\/\/azimuthworldfoundation.org\/wp-content\/uploads\/2025\/05\/CtD_KakaWera_PostCover.001-400x186.jpeg 400w, https:\/\/azimuthworldfoundation.org\/wp-content\/uploads\/2025\/05\/CtD_KakaWera_PostCover.001-600x279.jpeg 600w, https:\/\/azimuthworldfoundation.org\/wp-content\/uploads\/2025\/05\/CtD_KakaWera_PostCover.001-800x373.jpeg 800w, https:\/\/azimuthworldfoundation.org\/wp-content\/uploads\/2025\/05\/CtD_KakaWera_PostCover.001.jpeg 1080w\" data-sizes=\"auto\" data-orig-sizes=\"(max-width: 640px) 100vw, 1024px\" \/><\/span><div class=\"awb-imageframe-caption-container\" style=\"text-align:center;\"><div class=\"awb-imageframe-caption\"><h2 class=\"awb-imageframe-caption-title\">CtD_KakaWera_PostCover.001<\/h2><p class=\"awb-imageframe-caption-text\">Cr\u00e9dito: FOLIO Festival<\/p><\/div><\/div><\/div><div class=\"fusion-text fusion-text-1\" style=\"--awb-font-size:30px;--awb-text-font-family:&quot;NeueKabel-Black&quot;;--awb-text-font-style:normal;--awb-text-font-weight:400;\"><p>Um dos pioneiros da literatura ind\u00edgena no Brasil fala-nos sobre o papel fundamental deste movimento na preserva\u00e7\u00e3o de territ\u00f3rios e cosmovis\u00f5es ancestrais.<\/p>\n<\/div><div class=\"fusion-text fusion-text-2\"><p>Nos \u00faltimos 30 anos, a emerg\u00eancia da literatura ind\u00edgena contempor\u00e2nea no Brasil tem surgido como um ato fundamental de re-exist\u00eancia. Se a preserva\u00e7\u00e3o dos territ\u00f3rios materiais dos povos origin\u00e1rios \u00e9 a face mais vis\u00edvel da luta do movimento ind\u00edgena no Brasil, \u00e9 igualmente verdade que essa luta estaria incompleta sem uma defesa dos territ\u00f3rios imateriais &#8211; as vis\u00f5es de mundo, s\u00edmbolos pr\u00f3prios e saberes ancestrais &#8211; e na qual a prolifera\u00e7\u00e3o da literatura ind\u00edgena ocupa um lugar central.<\/p>\n<p>O nosso convidado de hoje, <a style=\"color: var(--awb-color4);\" href=\"https:\/\/www.kakawera.com\/\" target=\"_blank\" rel=\"noopener noreferrer\"><u>Kak\u00e1 Wer\u00e1<\/u><\/a>, \u00e9 um dos precursores e vozes mais relevantes deste movimento. Escritor, educador e conferencista, tem dedicado mais de tr\u00eas d\u00e9cadas \u00e0 valoriza\u00e7\u00e3o e difus\u00e3o dos saberes tradicionais dos povos origin\u00e1rios. Autor de dezasseis livros, incluindo obras premiadas como &#8220;A Terra dos Mil Povos&#8221; e &#8220;Menino-Trov\u00e3o&#8221;, o seu trabalho tem sido fundamental tanto para o fortalecimento das pr\u00f3prias comunidades ind\u00edgenas como para que a sociedade n\u00e3o-ind\u00edgena reconhe\u00e7a o valor fundamental da diversidade cultural.<\/p>\n<p>Tivemos o privil\u00e9gio de conversar com Kak\u00e1 durante o <a style=\"color: var(--awb-color4);\" href=\"https:\/\/foliofestival.com\/\" target=\"_blank\" rel=\"noopener noreferrer\"><u>FOLIO &#8211; Festival Liter\u00e1rio Internacional de \u00d3bidos<\/u><\/a>, onde apresentou o seu mais recente livro &#8220;Teko\u00e1: A Arte do Bem-Viver&#8221;, uma obra que sintetiza a filosofia ancestral Tupi Guarani do bem viver. Durante o festival, particip\u00e1mos tamb\u00e9m numa mesa redonda sobre Configura\u00e7\u00f5es de Mundos, explorando o papel das cosmovis\u00f5es ind\u00edgenas na imagina\u00e7\u00e3o de futuros poss\u00edveis. A nossa conversa revela n\u00e3o apenas a sua trajet\u00f3ria liter\u00e1ria, mas tamb\u00e9m uma profunda reflex\u00e3o sobre como os saberes milenares dos povos origin\u00e1rios podem iluminar caminhos para os desafios contempor\u00e2neos da humanidade.<\/p>\n<\/div><div class=\"fusion-text fusion-text-3\" style=\"--awb-font-size:15px;--awb-text-font-family:&quot;NeueKabel-Black&quot;;--awb-text-font-style:normal;--awb-text-font-weight:400;\"><p>Veja a vers\u00e3o em <span style=\"color: var(--awb-color4);\">v\u00eddeo<\/span> em baixo, ou fa\u00e7a scroll para ouvir a vers\u00e3o em <a style=\"color: var(--awb-color4);\" href=\"https:\/\/azimuthworldfoundation.org\/insights\/entry\/stories\/kakawera.html#PODCAST\"><u>podcast<\/u><\/a> ou para ler a <a style=\"color: var(--awb-color4);\" href=\"https:\/\/azimuthworldfoundation.org\/insights\/entry\/stories\/kakawera.html#PT\"><u>vers\u00e3o escrita<\/u><\/a>.<\/p>\n<\/div><div class=\"fusion-video fusion-youtube\" style=\"--awb-max-width:600px;--awb-max-height:360px;--awb-align-self:center;--awb-width:100%;--awb-margin-bottom:10px;\"><div class=\"video-shortcode\"><lite-youtube videoid=\"tfVbh8YqdMA\" class=\"landscape\" params=\"wmode=transparent&autoplay=1&enablejsapi=1\" title=\"YouTube video player 1\" width=\"600\" height=\"360\" data-thumbnail-size=\"auto\"><\/lite-youtube><\/div><\/div><div class=\"fusion-separator fusion-full-width-sep\" style=\"align-self: center;margin-left: auto;margin-right: auto;margin-top:20px;margin-bottom:20px;width:100%;\"><div class=\"fusion-separator-border sep-double\" style=\"--awb-height:20px;--awb-amount:20px;--awb-sep-color:var(--awb-color4);border-color:var(--awb-color4);border-top-width:15px;border-bottom-width:15px;\"><\/div><\/div><div class=\"fusion-text fusion-text-4\" style=\"--awb-text-color:var(--awb-color4);--awb-text-font-family:&quot;NeueKabel-Black&quot;;--awb-text-font-style:normal;--awb-text-font-weight:400;\"><p>CONNECTING THE DOTS \u2013 PODCAST<\/p>\n<\/div><div class=\"fusion-text fusion-text-5\" style=\"--awb-font-size:15px;--awb-text-font-family:&quot;NeueKabel-Regular&quot;;--awb-text-font-style:normal;--awb-text-font-weight:400;\"><p><strong>N\u00e3o vive sem os seus podcasts?<\/strong> Para n\u00e3o perder um epis\u00f3dio, subscreva o canal da Azimuth na Apple Podcasts ou no Spotify, <a style=\"color: var(--awb-color4);\" href=\"https:\/\/azimuthworldfoundation.org\/insights.html\"><u>aqui<\/u><\/a>.<\/p>\n<\/div><a class=\"fusion-modal-text-link\" href=\"#\"><iframe style=\"width: 100%; max-width: 660px; overflow: hidden; border-radius: 10px;\" src=\"https:\/\/embed.podcasts.apple.com\/us\/podcast\/pt-connecting-the-dots-com-kak%C3%A1-wer%C3%A1\/id1607307337?i=1000689619690&amp;theme=light\" height=\"175\" frameborder=\"0\" sandbox=\"allow-forms allow-popups allow-same-origin allow-scripts allow-storage-access-by-user-activation allow-top-navigation-by-user-activation\"><\/iframe><\/a><a class=\"fusion-modal-text-link\" href=\"#\"><iframe style=\"border-radius: 12px;\" src=\"https:\/\/open.spotify.com\/embed\/episode\/70Cgsl9TX6NKx6JApPqV7Z?utm_source=generator\" width=\"100%\" height=\"152\" frameborder=\"0\" allowfullscreen=\"allowfullscreen\"><\/iframe><\/a><div class=\"fusion-separator fusion-full-width-sep\" style=\"align-self: center;margin-left: auto;margin-right: auto;margin-top:20px;margin-bottom:20px;width:100%;\"><div class=\"fusion-separator-border sep-double\" style=\"--awb-height:20px;--awb-amount:20px;--awb-sep-color:var(--awb-color4);border-color:var(--awb-color4);border-top-width:15px;border-bottom-width:15px;\"><\/div><\/div><div class=\"fusion-text fusion-text-6\" style=\"--awb-text-color:var(--awb-color4);--awb-text-font-family:&quot;NeueKabel-Black&quot;;--awb-text-font-style:normal;--awb-text-font-weight:400;\"><p>TRANSCRI\u00c7\u00c3O<\/p>\n<\/div><div class=\"fusion-image-element awb-imageframe-style awb-imageframe-style-below awb-imageframe-style-2\" style=\"text-align:center;--awb-caption-text-size:15px;--awb-caption-title-font-family:var(--h2_typography-font-family);--awb-caption-title-font-weight:var(--h2_typography-font-weight);--awb-caption-title-font-style:var(--h2_typography-font-style);--awb-caption-title-size:var(--h2_typography-font-size);--awb-caption-title-transform:var(--h2_typography-text-transform);--awb-caption-title-line-height:var(--h2_typography-line-height);--awb-caption-title-letter-spacing:var(--h2_typography-letter-spacing);--awb-caption-text-font-family:&quot;NeueKabel-Regular&quot;;--awb-caption-text-font-style:normal;--awb-caption-text-font-weight:400;\"><span class=\" fusion-imageframe imageframe-none imageframe-2 hover-type-none\"><img decoding=\"async\" width=\"1024\" height=\"768\" title=\"IMG_3305\" src=\"https:\/\/azimuthworldfoundation.org\/wp-content\/uploads\/2025\/05\/IMG_3305-scaled.jpeg\" data-orig-src=\"https:\/\/azimuthworldfoundation.org\/wp-content\/uploads\/2025\/05\/IMG_3305-1024x768.jpeg\" alt class=\"lazyload img-responsive wp-image-5074\" srcset=\"data:image\/svg+xml,%3Csvg%20xmlns%3D%27http%3A%2F%2Fwww.w3.org%2F2000%2Fsvg%27%20width%3D%272560%27%20height%3D%271920%27%20viewBox%3D%270%200%202560%201920%27%3E%3Crect%20width%3D%272560%27%20height%3D%271920%27%20fill-opacity%3D%220%22%2F%3E%3C%2Fsvg%3E\" data-srcset=\"https:\/\/azimuthworldfoundation.org\/wp-content\/uploads\/2025\/05\/IMG_3305-200x150.jpeg 200w, https:\/\/azimuthworldfoundation.org\/wp-content\/uploads\/2025\/05\/IMG_3305-400x300.jpeg 400w, https:\/\/azimuthworldfoundation.org\/wp-content\/uploads\/2025\/05\/IMG_3305-600x450.jpeg 600w, https:\/\/azimuthworldfoundation.org\/wp-content\/uploads\/2025\/05\/IMG_3305-800x600.jpeg 800w, https:\/\/azimuthworldfoundation.org\/wp-content\/uploads\/2025\/05\/IMG_3305-1200x900.jpeg 1200w\" data-sizes=\"auto\" data-orig-sizes=\"(max-width: 640px) 100vw, 1200px\" \/><\/span><div class=\"awb-imageframe-caption-container\" style=\"text-align:center;\"><div class=\"awb-imageframe-caption\"><h2 class=\"awb-imageframe-caption-title\">IMG_3305<\/h2><p class=\"awb-imageframe-caption-text\">No FOLIO, em \u00d3bidos, Portugal (2024)<\/p><\/div><\/div><\/div><div class=\"fusion-text fusion-text-7\" style=\"--awb-text-color:var(--awb-color4);--awb-margin-top:20px;--awb-text-font-family:&quot;NeueKabel-Black&quot;;--awb-text-font-style:normal;--awb-text-font-weight:400;\"><p>LITERATURA IND\u00cdGENA | TERRIT\u00d3RIOS IMATERIAIS | RE-EXIST\u00caNCIA<\/p>\n<\/div><div class=\"fusion-text fusion-text-8\"><p>A literatura ind\u00edgena no Brasil, enquanto escrita, primeiro ela come\u00e7ou como um ato de re-exist\u00eancia. O que significa isso? No Brasil, n\u00f3s, desde \u00e9pocas remotas, a partir da coloniza\u00e7\u00e3o, fomos considerados povos desprovidos de cultura, desprovidos de saber. E essa ideia foi refor\u00e7ada durante s\u00e9culos. E de h\u00e1 uns tempos para c\u00e1, principalmente a minha gera\u00e7\u00e3o, e uma gera\u00e7\u00e3o anterior \u00e0 minha, percebeu que n\u00f3s t\u00ednhamos que lutar nesse lugar do que eu chamo de territ\u00f3rio imaterial, tanto quanto recuperar nossos territ\u00f3rios materiais.<\/p>\n<p>Os territ\u00f3rios materiais s\u00e3o importantes para garantir a nossa sobreviv\u00eancia e a sustentabilidade. Mas os territ\u00f3rios imateriais, que s\u00e3o constitu\u00eddos de vis\u00f5es de mundo, s\u00edmbolos pr\u00f3prios, sentidos, cren\u00e7as, percep\u00e7\u00f5es, esses territ\u00f3rios imateriais foram solapados. E tentam nos impor uma vis\u00e3o de mundo, que n\u00e3o \u00e9 s\u00f3 destruidora para n\u00f3s mesmos. \u00c9 uma vis\u00e3o de mundo destruidora para a humanidade. A pr\u00f3pria sociedade n\u00e3o-ind\u00edgena est\u00e1 fazendo um questionamento, com rela\u00e7\u00e3o aos seus paradigmas.<\/p>\n<p>Ent\u00e3o, a literatura ind\u00edgena, ela entra como uma oportunidade de nos fazermos conhecidos, do ponto de vista desse territ\u00f3rio de cosmovis\u00f5es, de filosofias, de saberes, para revelar \u00e0 sociedade n\u00e3o-ind\u00edgena percep\u00e7\u00f5es que n\u00f3s nos colocamos como necess\u00e1rias para haver, inclusive, uma humanidade mais apreciativa, no que se refere \u00e0s diferen\u00e7as. \u00c0s diferen\u00e7as culturais.<\/p>\n<p>Existe um vi\u00e9s no paradigma da sociedade n\u00e3o-ind\u00edgena, de querer homogeneizar tudo. Quer dizer, querer fazer com que toda uma cultura seja \u00fanica, seja somente de uma forma. Comer a mesma comida, falar a mesma l\u00edngua, o mundo inteiro viver da mesma maneira. E isso, na verdade, \u00e9 limitador. Porque isso \u00e9 antinatural. Tanto a natureza biol\u00f3gica, como a natureza humana, ela \u00e9 diversa. E \u00e9 dessa diversidade que se criam experi\u00eancias ricas, que se cria a verdadeira riqueza.<\/p>\n<p>Ent\u00e3o, a literatura ind\u00edgena, ela entra para oferecer essa diversidade. Tamb\u00e9m, at\u00e9, filos\u00f3fica. Porque n\u00e3o? E para dizer para o mundo que essa ideia de que n\u00f3s n\u00e3o temos cultura foi uma inven\u00e7\u00e3o, uma inven\u00e7\u00e3o mal sucedida.<\/p>\n<\/div><a class=\"fusion-modal-text-link\" href=\"#\">\n<blockquote class=\"instagram-media\" style=\"background: #FFF; border: 0; border-radius: 3px; box-shadow: 0 0 1px 0 rgba(0,0,0,0.5),0 1px 10px 0 rgba(0,0,0,0.15); margin: 1px; max-width: 540px; min-width: 326px; padding: 0; width: calc(100% - 2px);\" data-instgrm-captioned=\"\" data-instgrm-permalink=\"https:\/\/www.instagram.com\/p\/DEn5UKtRIGq\/?utm_source=ig_embed&amp;utm_campaign=loading\" data-instgrm-version=\"14\">\n<div style=\"padding: 16px;\">\n<p>&nbsp;<\/p>\n<div style=\"display: flex; flex-direction: row; align-items: center;\">\n<div style=\"background-color: #f4f4f4; border-radius: 50%; flex-grow: 0; height: 40px; margin-right: 14px; width: 40px;\"><\/div>\n<div style=\"display: flex; flex-direction: column; flex-grow: 1; justify-content: center;\">\n<div style=\"background-color: #f4f4f4; border-radius: 4px; flex-grow: 0; height: 14px; margin-bottom: 6px; width: 100px;\"><\/div>\n<div style=\"background-color: #f4f4f4; border-radius: 4px; flex-grow: 0; height: 14px; width: 60px;\"><\/div>\n<\/div>\n<\/div>\n<div style=\"padding: 19% 0;\"><\/div>\n<div style=\"display: block; height: 50px; margin: 0 auto 12px; width: 50px;\"><\/div>\n<div style=\"padding-top: 8px;\">\n<div style=\"color: #3897f0; font-family: Arial,sans-serif; font-size: 14px; font-style: normal; font-weight: 550; line-height: 18px;\">View this post on Instagram<\/div>\n<\/div>\n<div style=\"padding: 12.5% 0;\"><\/div>\n<div style=\"display: flex; flex-direction: row; margin-bottom: 14px; align-items: center;\">\n<div>\n<div style=\"background-color: #f4f4f4; border-radius: 50%; height: 12.5px; width: 12.5px; transform: translateX(0px) translateY(7px);\"><\/div>\n<div style=\"background-color: #f4f4f4; height: 12.5px; transform: rotate(-45deg) translateX(3px) translateY(1px); width: 12.5px; flex-grow: 0; margin-right: 14px; margin-left: 2px;\"><\/div>\n<div style=\"background-color: #f4f4f4; border-radius: 50%; height: 12.5px; width: 12.5px; transform: translateX(9px) translateY(-18px);\"><\/div>\n<\/div>\n<div style=\"margin-left: 8px;\">\n<div style=\"background-color: #f4f4f4; border-radius: 50%; flex-grow: 0; height: 20px; width: 20px;\"><\/div>\n<div style=\"width: 0; height: 0; border-top: 2px solid transparent; border-left: 6px solid #f4f4f4; border-bottom: 2px solid transparent; transform: translateX(16px) translateY(-4px) rotate(30deg);\"><\/div>\n<\/div>\n<div style=\"margin-left: auto;\">\n<div style=\"width: 0px; border-top: 8px solid #F4F4F4; border-right: 8px solid transparent; transform: translateY(16px);\"><\/div>\n<div style=\"background-color: #f4f4f4; flex-grow: 0; height: 12px; width: 16px; transform: translateY(-4px);\"><\/div>\n<div style=\"width: 0; height: 0; border-top: 8px solid #F4F4F4; border-left: 8px solid transparent; transform: translateY(-4px) translateX(8px);\"><\/div>\n<\/div>\n<\/div>\n<div style=\"display: flex; flex-direction: column; flex-grow: 1; justify-content: center; margin-bottom: 24px;\">\n<div style=\"background-color: #f4f4f4; border-radius: 4px; flex-grow: 0; height: 14px; margin-bottom: 6px; width: 224px;\"><\/div>\n<div style=\"background-color: #f4f4f4; border-radius: 4px; flex-grow: 0; height: 14px; width: 144px;\"><\/div>\n<\/div>\n<p>&nbsp;<\/p>\n<p style=\"color: #c9c8cd; font-family: Arial,sans-serif; font-size: 14px; line-height: 17px; margin-bottom: 0; margin-top: 8px; overflow: hidden; padding: 8px 0 7px; text-align: center; text-overflow: ellipsis; white-space: nowrap;\"><a style=\"color: #c9c8cd; font-family: Arial,sans-serif; font-size: 14px; font-style: normal; font-weight: normal; line-height: 17px; text-decoration: none;\" href=\"https:\/\/www.instagram.com\/p\/DEn5UKtRIGq\/?utm_source=ig_embed&amp;utm_campaign=loading\" target=\"_blank\" rel=\"noopener\">A post shared by Kak\u00e1 Wer\u00e1 (@kaka_wera)<\/a><\/p>\n<\/div>\n<\/blockquote>\n<p><script async src=\"\/\/www.instagram.com\/embed.js\"><\/script><\/a><div class=\"fusion-text fusion-text-9\" style=\"--awb-margin-top:30px;\"><p>Ent\u00e3o, no Brasil, esse movimento \u00e9 um movimento que tem pouco mais de 30 anos. Mas atualmente, n\u00f3s somos mais de 160 escritores ind\u00edgenas, de 58 etnias. E que, de alguma maneira, ganha uma express\u00e3o, pouco a pouco, perante a sociedade. Revelando que, al\u00e9m de ser tamb\u00e9m uma arte, fazer parte, \u00e9 uma maneira de promover uma re-exist\u00eancia de n\u00f3s mesmos.<\/p>\n<p>No Brasil, nos \u00faltimos 30 anos, a partir dos anos 80, ou final dos anos 80, quando os primeiros autores passaram a surgir, autores que, hoje, s\u00e3o assim pilares, como Eliane Potiguara, Daniel Munduruku, Ailton Krenak, que recentemente ocupou a Academia Brasileira de Letras, um espa\u00e7o da literatura no Brasil, eu, e outros colegas, esses autores pioneiros tamb\u00e9m, estimularam com que novas gera\u00e7\u00f5es desejassem escrever, e se tornassem tamb\u00e9m escritores.<\/p>\n<p>Ent\u00e3o, para come\u00e7ar, para conhecer, eu sugiro os cl\u00e1ssicos, vamos dizer assim, os nossos aparentemente cl\u00e1ssicos. Como o Daniel Munduruku, o pr\u00f3prio Ailton Krenak, Eliane Potiguara. Mas tamb\u00e9m, n\u00f3s temos jovens escritores que ganharam grande relev\u00e2ncia, como Cristino Wapichana. Cristino Wapichana \u00e9 um autor que j\u00e1 veio a \u00d3bidos. Ele \u00e9 dessa nova gera\u00e7\u00e3o. Ele foi, por exemplo, um dos autores que ganhou o pr\u00eamio Peter Pan de literatura infanto-juvenil, que \u00e9 um dos pr\u00e9mios mais importantes do mundo. S\u00e3o esses autores que eu sugiro para, assim, come\u00e7ar.<\/p>\n<p>E, no meu caso, da minha autoria, tem alguns livros que s\u00e3o emblem\u00e1ticos. Um deles, chamado &#8220;A Terra dos 1000 Povos&#8221;. \u00c9 um livro que, inclusive, a Universidade de Coimbra, junto com a Universidade de S\u00e3o Paulo, definiram como um dos 200 livros para entender o Brasil.<\/p>\n<p>E o mais recente, o livro que saiu esse ano, chamado &#8220;Teko\u00e1: A arte do Bem-Viver&#8221;. Eu considero um livro importante. N\u00e3o somente por ser o mais recente, o livro que est\u00e1 sendo lan\u00e7ado agora. Porque ele tem uma s\u00edntese dessa filosofia ancestral, da tradi\u00e7\u00e3o Tupi Guarani. Eu sugiro come\u00e7ar por esses autores.<\/p>\n<\/div><div class=\"fusion-image-element \" style=\"text-align:center;--awb-caption-title-font-family:var(--h2_typography-font-family);--awb-caption-title-font-weight:var(--h2_typography-font-weight);--awb-caption-title-font-style:var(--h2_typography-font-style);--awb-caption-title-size:var(--h2_typography-font-size);--awb-caption-title-transform:var(--h2_typography-text-transform);--awb-caption-title-line-height:var(--h2_typography-line-height);--awb-caption-title-letter-spacing:var(--h2_typography-letter-spacing);\"><span class=\" fusion-imageframe imageframe-none imageframe-3 hover-type-none\"><img decoding=\"async\" width=\"674\" height=\"1024\" title=\"1\" src=\"https:\/\/azimuthworldfoundation.org\/wp-content\/uploads\/2025\/05\/1.webp\" data-orig-src=\"https:\/\/azimuthworldfoundation.org\/wp-content\/uploads\/2025\/05\/1-674x1024.webp\" alt class=\"lazyload img-responsive wp-image-5137\" srcset=\"data:image\/svg+xml,%3Csvg%20xmlns%3D%27http%3A%2F%2Fwww.w3.org%2F2000%2Fsvg%27%20width%3D%27750%27%20height%3D%271140%27%20viewBox%3D%270%200%20750%201140%27%3E%3Crect%20width%3D%27750%27%20height%3D%271140%27%20fill-opacity%3D%220%22%2F%3E%3C%2Fsvg%3E\" data-srcset=\"https:\/\/azimuthworldfoundation.org\/wp-content\/uploads\/2025\/05\/1-197x300.webp 197w, https:\/\/azimuthworldfoundation.org\/wp-content\/uploads\/2025\/05\/1-200x304.webp 200w, https:\/\/azimuthworldfoundation.org\/wp-content\/uploads\/2025\/05\/1-400x608.webp 400w, https:\/\/azimuthworldfoundation.org\/wp-content\/uploads\/2025\/05\/1-600x912.webp 600w, https:\/\/azimuthworldfoundation.org\/wp-content\/uploads\/2025\/05\/1-674x1024.webp 674w, https:\/\/azimuthworldfoundation.org\/wp-content\/uploads\/2025\/05\/1.webp 750w\" data-sizes=\"auto\" data-orig-sizes=\"(max-width: 640px) 100vw, 674px\" \/><\/span><\/div><div class=\"fusion-image-element \" style=\"text-align:center;--awb-margin-top:20px;--awb-margin-bottom:20px;--awb-caption-title-font-family:var(--h2_typography-font-family);--awb-caption-title-font-weight:var(--h2_typography-font-weight);--awb-caption-title-font-style:var(--h2_typography-font-style);--awb-caption-title-size:var(--h2_typography-font-size);--awb-caption-title-transform:var(--h2_typography-text-transform);--awb-caption-title-line-height:var(--h2_typography-line-height);--awb-caption-title-letter-spacing:var(--h2_typography-letter-spacing);\"><span class=\" fusion-imageframe imageframe-none imageframe-4 hover-type-none\"><img decoding=\"async\" width=\"799\" height=\"1024\" title=\"a-terra-dos-mil-povos\" src=\"https:\/\/azimuthworldfoundation.org\/wp-content\/uploads\/2025\/05\/a-terra-dos-mil-povos.jpg\" data-orig-src=\"https:\/\/azimuthworldfoundation.org\/wp-content\/uploads\/2025\/05\/a-terra-dos-mil-povos-799x1024.jpg\" alt class=\"lazyload img-responsive wp-image-5139\" srcset=\"data:image\/svg+xml,%3Csvg%20xmlns%3D%27http%3A%2F%2Fwww.w3.org%2F2000%2Fsvg%27%20width%3D%271200%27%20height%3D%271538%27%20viewBox%3D%270%200%201200%201538%27%3E%3Crect%20width%3D%271200%27%20height%3D%271538%27%20fill-opacity%3D%220%22%2F%3E%3C%2Fsvg%3E\" data-srcset=\"https:\/\/azimuthworldfoundation.org\/wp-content\/uploads\/2025\/05\/a-terra-dos-mil-povos-200x256.jpg 200w, https:\/\/azimuthworldfoundation.org\/wp-content\/uploads\/2025\/05\/a-terra-dos-mil-povos-400x513.jpg 400w, https:\/\/azimuthworldfoundation.org\/wp-content\/uploads\/2025\/05\/a-terra-dos-mil-povos-600x769.jpg 600w, https:\/\/azimuthworldfoundation.org\/wp-content\/uploads\/2025\/05\/a-terra-dos-mil-povos-800x1025.jpg 800w, https:\/\/azimuthworldfoundation.org\/wp-content\/uploads\/2025\/05\/a-terra-dos-mil-povos.jpg 1200w\" data-sizes=\"auto\" data-orig-sizes=\"(max-width: 640px) 100vw, 799px\" \/><\/span><\/div><div class=\"fusion-text fusion-text-10\"><p>Em virtude dessa expans\u00e3o de autores ind\u00edgenas, nos \u00faltimos 30 anos, no ano passado o Instituto Oceanos &#8211; que \u00e9 um instituto que promove um concurso anual de literatura portuguesa, literatura de l\u00edngua portuguesa do Brasil, Portugal, pa\u00edses da \u00c1frica &#8211; o Instituto Oceanos promoveu um espa\u00e7o para, primeiramente, mostrar-se a literatura ind\u00edgena, atrav\u00e9s de exposi\u00e7\u00f5es. Que est\u00e1 circulando em v\u00e1rios estados do Brasil, desde o ano passado.<\/p>\n<p>E, no segundo momento, \u00e9 disponibilizar &#8211; vendo que existe j\u00e1 uma diversidade &#8211; uma cataloga\u00e7\u00e3o, a qual o Instituto Oceanos est\u00e1 preparando, e buscando, inclusive, parceiros, para fazer. E \u00e9 algo, na verdade, bem recente. E onde voc\u00ea pode encontrar? No site do Instituto Oceanos, entrando em contacto com o Instituto Oceanos. Que \u00e9 a nossa grande, vamos dizer assim, oportunidade nesse momento, dentro da literatura. De desenvolver uma esp\u00e9cie de um Observat\u00f3rio de Literatura Ind\u00edgena, para disponibilizar para a sociedade toda essa diversidade.<\/p>\n<\/div><a class=\"fusion-modal-text-link\" href=\"#\">\n<blockquote class=\"instagram-media\" style=\"background: #FFF; border: 0; border-radius: 3px; box-shadow: 0 0 1px 0 rgba(0,0,0,0.5),0 1px 10px 0 rgba(0,0,0,0.15); margin: 1px; max-width: 540px; min-width: 326px; padding: 0; width: calc(100% - 2px);\" data-instgrm-captioned=\"\" data-instgrm-permalink=\"https:\/\/www.instagram.com\/p\/DCmDGE2xzXn\/?utm_source=ig_embed&amp;utm_campaign=loading\" data-instgrm-version=\"14\">\n<div style=\"padding: 16px;\">\n<div style=\"display: flex; flex-direction: row; align-items: center;\">\n<div style=\"background-color: #f4f4f4; border-radius: 50%; flex-grow: 0; height: 40px; margin-right: 14px; width: 40px;\"><\/div>\n<div style=\"display: flex; flex-direction: column; flex-grow: 1; justify-content: center;\">\n<div style=\"background-color: #f4f4f4; border-radius: 4px; flex-grow: 0; height: 14px; margin-bottom: 6px; width: 100px;\"><\/div>\n<div style=\"background-color: #f4f4f4; border-radius: 4px; flex-grow: 0; height: 14px; width: 60px;\"><\/div>\n<\/div>\n<\/div>\n<div style=\"padding: 19% 0;\"><\/div>\n<div style=\"display: block; height: 50px; margin: 0 auto 12px; width: 50px;\"><\/div>\n<div style=\"padding-top: 8px;\">\n<div style=\"color: #3897f0; font-family: Arial,sans-serif; font-size: 14px; font-style: normal; font-weight: 550; line-height: 18px;\">View this post on Instagram<\/div>\n<\/div>\n<div style=\"padding: 12.5% 0;\"><\/div>\n<div style=\"display: flex; flex-direction: row; margin-bottom: 14px; align-items: center;\">\n<div>\n<div style=\"background-color: #f4f4f4; border-radius: 50%; height: 12.5px; width: 12.5px; transform: translateX(0px) translateY(7px);\"><\/div>\n<div style=\"background-color: #f4f4f4; height: 12.5px; transform: rotate(-45deg) translateX(3px) translateY(1px); width: 12.5px; flex-grow: 0; margin-right: 14px; margin-left: 2px;\"><\/div>\n<div style=\"background-color: #f4f4f4; border-radius: 50%; height: 12.5px; width: 12.5px; transform: translateX(9px) translateY(-18px);\"><\/div>\n<\/div>\n<div style=\"margin-left: 8px;\">\n<div style=\"background-color: #f4f4f4; border-radius: 50%; flex-grow: 0; height: 20px; width: 20px;\"><\/div>\n<div style=\"width: 0; height: 0; border-top: 2px solid transparent; border-left: 6px solid #f4f4f4; border-bottom: 2px solid transparent; transform: translateX(16px) translateY(-4px) rotate(30deg);\"><\/div>\n<\/div>\n<div style=\"margin-left: auto;\">\n<div style=\"width: 0px; border-top: 8px solid #F4F4F4; border-right: 8px solid transparent; transform: translateY(16px);\"><\/div>\n<div style=\"background-color: #f4f4f4; flex-grow: 0; height: 12px; width: 16px; transform: translateY(-4px);\"><\/div>\n<div style=\"width: 0; height: 0; border-top: 8px solid #F4F4F4; border-left: 8px solid transparent; transform: translateY(-4px) translateX(8px);\"><\/div>\n<\/div>\n<\/div>\n<div style=\"display: flex; flex-direction: column; flex-grow: 1; justify-content: center; margin-bottom: 24px;\">\n<div style=\"background-color: #f4f4f4; border-radius: 4px; flex-grow: 0; height: 14px; margin-bottom: 6px; width: 224px;\"><\/div>\n<div style=\"background-color: #f4f4f4; border-radius: 4px; flex-grow: 0; height: 14px; width: 144px;\"><\/div>\n<\/div>\n<p style=\"color: #c9c8cd; font-family: Arial,sans-serif; font-size: 14px; line-height: 17px; margin-bottom: 0; margin-top: 8px; overflow: hidden; padding: 8px 0 7px; text-align: center; text-overflow: ellipsis; white-space: nowrap;\"><a style=\"color: #c9c8cd; font-family: Arial,sans-serif; font-size: 14px; font-style: normal; font-weight: normal; line-height: 17px; text-decoration: none;\" href=\"https:\/\/www.instagram.com\/p\/DCmDGE2xzXn\/?utm_source=ig_embed&amp;utm_campaign=loading\" target=\"_blank\" rel=\"noopener\">A post shared by Kak\u00e1 Wer\u00e1 (@kaka_wera)<\/a><\/p>\n<\/div>\n<\/blockquote>\n<\/a><div class=\"fusion-text fusion-text-11 fusion-text-no-margin\" style=\"--awb-content-alignment:center;--awb-font-size:10px;--awb-text-color:var(--awb-color4);--awb-margin-top:20px;--awb-text-font-family:&quot;NeueKabel-Regular&quot;;--awb-text-font-style:normal;--awb-text-font-weight:400;\"><p>EXTERNAL LINK<\/p>\n<\/div><div class=\"fusion-text fusion-text-12\" style=\"--awb-text-color:var(--awb-color4);--awb-margin-top:30px;--awb-text-font-family:&quot;NeueKabel-Black&quot;;--awb-text-font-style:normal;--awb-text-font-weight:400;\"><div class=\"vlp-link-container vlp-layout-azimuth-2\"><a href=\"https:\/\/www.sescsp.org.br\/editorial\/exposicao-araeta-a-literatura-dos-povos-originarios-chega-em-agosto-ao-sesc-ipiranga\/\" class=\"vlp-link\" title=\"\u201cAraet\u00e1: A Literatura Dos Povos Origin\u00e1rios\u201d\" rel=\"nofollow\" target=\"_blank\"><\/a><div class=\"vlp-layout-zone-main\"><h3 class=\"vlp-block-0 vlp-link-title\">\u201cAraet\u00e1: A Literatura Dos Povos Origin\u00e1rios\u201d<\/h3><div class=\"vlp-block-1 vlp-link-summary\">Descubra as narrativas apresentadas na exposi\u00e7\u00e3o<\/div><div class=\"vlp-block-2 vlp-link-url\">https:\/\/www.sescsp.org.br\/editorial\/exposicao-araeta-a-literatura-dos-povos-originarios-chega-em-agosto-ao-sesc-ipiranga\/<\/div><\/div><\/div>\n<p>&nbsp;<\/p>\n<p>BEM-VIVER | TEKO\u00c1-POR\u00c3 | FILOSOFIA TUPI GUARANI<\/p>\n<\/div><div class=\"fusion-text fusion-text-13\"><p>The philosophy of Living Well deals with certain principles that come from Andean cultures and from southern Brazil, from the Guarani, Aymara, Quechua and A filosofia do Bem-Viver trata de alguns princ\u00edpios que v\u00eam de culturas andinas e do sul do Brasil, das culturas Guarani, Aymara, Qu\u00e9chua, Mapuche. S\u00e3o culturas que est\u00e3o presentes na Am\u00e9rica h\u00e1 pelo menos 12.000, 20.000 anos. E que, em virtude da desagrega\u00e7\u00e3o social e ecol\u00f3gica que n\u00f3s estamos passando, um grave risco da pr\u00f3pria destrui\u00e7\u00e3o da humanidade, n\u00f3s estamos propagando.<\/p>\n<p>A filosofia do Bem-Viver trata, justamente, de voc\u00ea desenvolver uma outra maneira de se relacionar com aquilo que a gente come, e como a gente vive num determinado lugar. Ela trata de voc\u00ea considerar, por exemplo, a multiculturalidade como algo importante para gerar riqueza. Quando voc\u00ea olha uma floresta, \u00e9 da diversidade de esp\u00e9cies que se gera uma floresta, n\u00e3o \u00e9 de uma monocultura. H\u00e1 esse ponto.<\/p>\n<p>O segundo ponto, \u00e9 a maneira como voc\u00ea obt\u00e9m os recursos de um lugar. N\u00e3o \u00e9 explorando de um modo indiscriminado. \u00c9 utilizando o cuidado para extrair o que precisamos para viver, preservando o tempo necess\u00e1rio para os lugares se restabelecerem, se renovarem.<\/p>\n<p>E, por fim, a ideia de pararmos de gerar polui\u00e7\u00e3o de ar, parar de envenenar a Terra, parar de poluir as \u00e1guas, e parar de gerar a guerra. Nesse momento no mundo, n\u00f3s temos mais de 50 guerras em curso. Isso porque se diz que o mundo \u00e9 civilizado. Os notici\u00e1rios \u00e0s vezes apresentam duas, tr\u00eas guerras que s\u00e3o contundentes. Mas, na verdade, n\u00f3s temos mais de 50 guerras. E n\u00f3s estamos no ano, pelo menos aqui nesse momento, de 2024, onde supostamente n\u00f3s temos intelig\u00eancia, tecnologia, saberes e educa\u00e7\u00e3o para desenvolver experi\u00eancias de conviv\u00eancia. E n\u00e3o aprendemos ainda isso. Aprender a conviver \u00e9 o nosso desafio.<\/p>\n<\/div><a class=\"fusion-modal-text-link\" href=\"#\">\n<blockquote class=\"instagram-media\" style=\"background: #FFF; border: 0; border-radius: 3px; box-shadow: 0 0 1px 0 rgba(0,0,0,0.5),0 1px 10px 0 rgba(0,0,0,0.15); margin: 1px; max-width: 540px; min-width: 326px; padding: 0; width: calc(100% - 2px);\" data-instgrm-captioned=\"\" data-instgrm-permalink=\"https:\/\/www.instagram.com\/p\/DAepVyJvqkV\/?utm_source=ig_embed&amp;utm_campaign=loading\" data-instgrm-version=\"14\">\n<div style=\"padding: 16px;\">\n<div style=\"display: flex; flex-direction: row; align-items: center;\">\n<div style=\"background-color: #f4f4f4; border-radius: 50%; flex-grow: 0; height: 40px; margin-right: 14px; width: 40px;\"><\/div>\n<div style=\"display: flex; flex-direction: column; flex-grow: 1; justify-content: center;\">\n<div style=\"background-color: #f4f4f4; border-radius: 4px; flex-grow: 0; height: 14px; margin-bottom: 6px; width: 100px;\"><\/div>\n<div style=\"background-color: #f4f4f4; border-radius: 4px; flex-grow: 0; height: 14px; width: 60px;\"><\/div>\n<\/div>\n<\/div>\n<div style=\"padding: 19% 0;\"><\/div>\n<div style=\"display: block; height: 50px; margin: 0 auto 12px; width: 50px;\"><\/div>\n<div style=\"padding-top: 8px;\">\n<div style=\"color: #3897f0; font-family: Arial,sans-serif; font-size: 14px; font-style: normal; font-weight: 550; line-height: 18px;\">View this post on Instagram<\/div>\n<\/div>\n<div style=\"padding: 12.5% 0;\"><\/div>\n<div style=\"display: flex; flex-direction: row; margin-bottom: 14px; align-items: center;\">\n<div>\n<div style=\"background-color: #f4f4f4; border-radius: 50%; height: 12.5px; width: 12.5px; transform: translateX(0px) translateY(7px);\"><\/div>\n<div style=\"background-color: #f4f4f4; height: 12.5px; transform: rotate(-45deg) translateX(3px) translateY(1px); width: 12.5px; flex-grow: 0; margin-right: 14px; margin-left: 2px;\"><\/div>\n<div style=\"background-color: #f4f4f4; border-radius: 50%; height: 12.5px; width: 12.5px; transform: translateX(9px) translateY(-18px);\"><\/div>\n<\/div>\n<div style=\"margin-left: 8px;\">\n<div style=\"background-color: #f4f4f4; border-radius: 50%; flex-grow: 0; height: 20px; width: 20px;\"><\/div>\n<div style=\"width: 0; height: 0; border-top: 2px solid transparent; border-left: 6px solid #f4f4f4; border-bottom: 2px solid transparent; transform: translateX(16px) translateY(-4px) rotate(30deg);\"><\/div>\n<\/div>\n<div style=\"margin-left: auto;\">\n<div style=\"width: 0px; border-top: 8px solid #F4F4F4; border-right: 8px solid transparent; transform: translateY(16px);\"><\/div>\n<div style=\"background-color: #f4f4f4; flex-grow: 0; height: 12px; width: 16px; transform: translateY(-4px);\"><\/div>\n<div style=\"width: 0; height: 0; border-top: 8px solid #F4F4F4; border-left: 8px solid transparent; transform: translateY(-4px) translateX(8px);\"><\/div>\n<\/div>\n<\/div>\n<div style=\"display: flex; flex-direction: column; flex-grow: 1; justify-content: center; margin-bottom: 24px;\">\n<div style=\"background-color: #f4f4f4; border-radius: 4px; flex-grow: 0; height: 14px; margin-bottom: 6px; width: 224px;\"><\/div>\n<div style=\"background-color: #f4f4f4; border-radius: 4px; flex-grow: 0; height: 14px; width: 144px;\"><\/div>\n<\/div>\n<p style=\"color: #c9c8cd; font-family: Arial,sans-serif; font-size: 14px; line-height: 17px; margin-bottom: 0; margin-top: 8px; overflow: hidden; padding: 8px 0 7px; text-align: center; text-overflow: ellipsis; white-space: nowrap;\"><a style=\"color: #c9c8cd; font-family: Arial,sans-serif; font-size: 14px; font-style: normal; font-weight: normal; line-height: 17px; text-decoration: none;\" href=\"https:\/\/www.instagram.com\/p\/DAepVyJvqkV\/?utm_source=ig_embed&amp;utm_campaign=loading\" target=\"_blank\" rel=\"noopener\">A post shared by Kak\u00e1 Wer\u00e1 (@kaka_wera)<\/a><\/p>\n<\/div>\n<\/blockquote>\n<\/a><div class=\"fusion-text fusion-text-14\" style=\"--awb-text-color:var(--awb-color4);--awb-margin-top:30px;--awb-text-font-family:&quot;NeueKabel-Black&quot;;--awb-text-font-style:normal;--awb-text-font-weight:400;\"><p>SONO E SONHO | EXPANS\u00c3O DA CONSCI\u00caNCIA | VIDA IMATERIAL<\/p>\n<\/div><div class=\"fusion-text fusion-text-15\"><p>A sociedade n\u00e3o-ind\u00edgena tem uma compreens\u00e3o, vamos dizer assim, de sono, por exemplo, dentro de uma l\u00f3gica mais biol\u00f3gica. E tem uma compreens\u00e3o do sonho, da dimens\u00e3o do sonho, tamb\u00e9m dentro de l\u00f3gicas neurol\u00f3gicas. Para a sociedade, sono e sonhos s\u00e3o complementos de determinados estados do organismo ou do corpo, para repousar, e recobrar depois a consci\u00eancia.<\/p>\n<p>Para os povos ind\u00edgenas, o sono \u00e9 a prepara\u00e7\u00e3o para uma travessia. N\u00f3s vivemos dentro da nossa dimens\u00e3o de vida material, praticamente um ter\u00e7o da nossa vida, sonhando. N\u00f3s precisamos do sonho para nos rejuvenescer, para nos renovar, isso \u00e9 uma verdade. Mas para os povos ind\u00edgenas, esse um ter\u00e7o dessa vida, na verdade, \u00e9 tamb\u00e9m uma oportunidade de vivenciar uma experi\u00eancia consciencional em outros planos, em outras dimens\u00f5es da vida.<\/p>\n<p>Dormir e sonhar n\u00e3o t\u00eam efeitos simplesmente fisiol\u00f3gicos. Dormir e sonhar s\u00e3o portais para que a nossa alma, para que o nosso ser, possa vivenciar experi\u00eancias complementares \u00e0 da vida material. Na dimens\u00e3o do sonho, por exemplo, n\u00f3s podemos conectar com outros parentes, outros entes, outros seres, dentro dessas outras dimens\u00f5es. N\u00f3s podemos partilhar impress\u00f5es, e n\u00f3s podemos, inclusive, aprender coisas.<\/p>\n<p>No Brasil, eu costumo dizer que muitas das coisas que a tradi\u00e7\u00e3o Tupi se utiliza na sua rotina, na sua vida, desde culin\u00e1ria, alimenta\u00e7\u00e3o, rem\u00e9dios, ervas, dire\u00e7\u00e3o de onde ir, para onde ir, onde estar, vem dessa dimens\u00e3o do sonho.<\/p>\n<p>Existem determinados alimentos que no Brasil s\u00e3o tidos como j\u00e1 alimentos tradicionais, influ\u00eancia dos povos ind\u00edgenas. Por exemplo, como a mandioca, o guaran\u00e1, o milho, que s\u00e3o alimentos ancestrais que foram aprendidos em sonho, o uso dessas ra\u00edzes ou dessas sementes.<\/p>\n<\/div><a class=\"fusion-modal-text-link\" href=\"#\">\n<blockquote class=\"instagram-media\" style=\"background: #FFF; border: 0; border-radius: 3px; box-shadow: 0 0 1px 0 rgba(0,0,0,0.5),0 1px 10px 0 rgba(0,0,0,0.15); margin: 1px; max-width: 540px; min-width: 326px; padding: 0; width: calc(100% - 2px);\" data-instgrm-captioned=\"\" data-instgrm-permalink=\"https:\/\/www.instagram.com\/p\/C9Xa4RjO9h1\/?utm_source=ig_embed&amp;utm_campaign=loading\" data-instgrm-version=\"14\">\n<div style=\"padding: 16px;\">\n<div style=\"display: flex; flex-direction: row; align-items: center;\">\n<div style=\"background-color: #f4f4f4; border-radius: 50%; flex-grow: 0; height: 40px; margin-right: 14px; width: 40px;\"><\/div>\n<div style=\"display: flex; flex-direction: column; flex-grow: 1; justify-content: center;\">\n<div style=\"background-color: #f4f4f4; border-radius: 4px; flex-grow: 0; height: 14px; margin-bottom: 6px; width: 100px;\"><\/div>\n<div style=\"background-color: #f4f4f4; border-radius: 4px; flex-grow: 0; height: 14px; width: 60px;\"><\/div>\n<\/div>\n<\/div>\n<div style=\"padding: 19% 0;\"><\/div>\n<div style=\"display: block; height: 50px; margin: 0 auto 12px; width: 50px;\"><\/div>\n<div style=\"padding-top: 8px;\">\n<div style=\"color: #3897f0; font-family: Arial,sans-serif; font-size: 14px; font-style: normal; font-weight: 550; line-height: 18px;\">View this post on Instagram<\/div>\n<\/div>\n<div style=\"padding: 12.5% 0;\"><\/div>\n<div style=\"display: flex; flex-direction: row; margin-bottom: 14px; align-items: center;\">\n<div>\n<div style=\"background-color: #f4f4f4; border-radius: 50%; height: 12.5px; width: 12.5px; transform: translateX(0px) translateY(7px);\"><\/div>\n<div style=\"background-color: #f4f4f4; height: 12.5px; transform: rotate(-45deg) translateX(3px) translateY(1px); width: 12.5px; flex-grow: 0; margin-right: 14px; margin-left: 2px;\"><\/div>\n<div style=\"background-color: #f4f4f4; border-radius: 50%; height: 12.5px; width: 12.5px; transform: translateX(9px) translateY(-18px);\"><\/div>\n<\/div>\n<div style=\"margin-left: 8px;\">\n<div style=\"background-color: #f4f4f4; border-radius: 50%; flex-grow: 0; height: 20px; width: 20px;\"><\/div>\n<div style=\"width: 0; height: 0; border-top: 2px solid transparent; border-left: 6px solid #f4f4f4; border-bottom: 2px solid transparent; transform: translateX(16px) translateY(-4px) rotate(30deg);\"><\/div>\n<\/div>\n<div style=\"margin-left: auto;\">\n<div style=\"width: 0px; border-top: 8px solid #F4F4F4; border-right: 8px solid transparent; transform: translateY(16px);\"><\/div>\n<div style=\"background-color: #f4f4f4; flex-grow: 0; height: 12px; width: 16px; transform: translateY(-4px);\"><\/div>\n<div style=\"width: 0; height: 0; border-top: 8px solid #F4F4F4; border-left: 8px solid transparent; transform: translateY(-4px) translateX(8px);\"><\/div>\n<\/div>\n<\/div>\n<div style=\"display: flex; flex-direction: column; flex-grow: 1; justify-content: center; margin-bottom: 24px;\">\n<div style=\"background-color: #f4f4f4; border-radius: 4px; flex-grow: 0; height: 14px; margin-bottom: 6px; width: 224px;\"><\/div>\n<div style=\"background-color: #f4f4f4; border-radius: 4px; flex-grow: 0; height: 14px; width: 144px;\"><\/div>\n<\/div>\n<p style=\"color: #c9c8cd; font-family: Arial,sans-serif; font-size: 14px; line-height: 17px; margin-bottom: 0; margin-top: 8px; overflow: hidden; padding: 8px 0 7px; text-align: center; text-overflow: ellipsis; white-space: nowrap;\"><a style=\"color: #c9c8cd; font-family: Arial,sans-serif; font-size: 14px; font-style: normal; font-weight: normal; line-height: 17px; text-decoration: none;\" href=\"https:\/\/www.instagram.com\/p\/C9Xa4RjO9h1\/?utm_source=ig_embed&amp;utm_campaign=loading\" target=\"_blank\" rel=\"noopener\">A post shared by Kak\u00e1 Wer\u00e1 (@kaka_wera)<\/a><\/p>\n<\/div>\n<\/blockquote>\n<\/a><div class=\"fusion-text fusion-text-16\" style=\"--awb-margin-top:30px;\"><p>O sonho \u00e9 uma oportunidade de expans\u00e3o de consci\u00eancia. Na tradi\u00e7\u00e3o Guarani, que \u00e9 uma tradi\u00e7\u00e3o que eu durante muito tempo tive uma conviv\u00eancia profunda, n\u00f3s ocupamos determinados lugares, se sonhamos que devemos ocup\u00e1-los. A tradi\u00e7\u00e3o do Guarani tem um longo percurso de viagem, de busca, de viver em lugares adequados para a vida. E esses lugares s\u00e3o mostrados em sonho.<\/p>\n<p>Uma outra caracter\u00edstica, por exemplo: a tradi\u00e7\u00e3o Guarani \u00e9 uma tradi\u00e7\u00e3o muito espiritualizada. \u00c9 uma tradi\u00e7\u00e3o que considera toda a vida como uma experi\u00eancia do sagrado. E considera importante voc\u00ea reconhecer essa presen\u00e7a do sagrado em cada lugar, e nas coisas. E uma das maneiras de fazer conhecimento \u00e9 atrav\u00e9s do canto. \u00c9 atrav\u00e9s de, n\u00f3s chamamos inhapor\u00e3, s\u00e3o cantos-poemas. Esses cantos e esses poemas, eles s\u00e3o sonhados. Os versos desses cantos, desde tempos imemoriais, eles s\u00e3o sonhados.<\/p>\n<p>Porque se acredita que nessa dimens\u00e3o do sonho, n\u00f3s nos tornamos mais apropriados para conversar com seres que s\u00e3o da natureza. Esp\u00edrito de \u00e1rvores, esp\u00edritos de animais. Porque nessa dimens\u00e3o material h\u00e1 uma dificuldade na rela\u00e7\u00e3o de linguagem entre n\u00f3s.<\/p>\n<p>Ent\u00e3o, h\u00e1 uma vastid\u00e3o de percep\u00e7\u00e3o em rela\u00e7\u00e3o ao sonho, na tradi\u00e7\u00e3o ind\u00edgena de uma maneira geral, que difere muito da consci\u00eancia de sono e de sonho da sociedade n\u00e3o-ind\u00edgena. Por exemplo, dormir, passar pelo processo de sono, \u00e9 profundamente importante, porque \u00e9 um caminho da renova\u00e7\u00e3o da alma e \u00e9 onde a nossa alma se nutre. Se n\u00f3s n\u00e3o dormimos direito, n\u00f3s n\u00e3o pensamos direito, n\u00e3o sentimos direito. No nosso estado de vig\u00edlia, a nossa percep\u00e7\u00e3o, o nosso senso de percep\u00e7\u00e3o, diminui muito, nos limita muito. Ent\u00e3o, esses temas s\u00e3o temas que n\u00f3s consideramos importantes serem compreendidos sobre o nosso olhar.<\/p>\n<\/div><a class=\"fusion-modal-text-link\" href=\"#\">\n<blockquote class=\"instagram-media\" style=\"background: #FFF; border: 0; border-radius: 3px; box-shadow: 0 0 1px 0 rgba(0,0,0,0.5),0 1px 10px 0 rgba(0,0,0,0.15); margin: 1px; max-width: 540px; min-width: 326px; padding: 0; width: calc(100% - 2px);\" data-instgrm-captioned=\"\" data-instgrm-permalink=\"https:\/\/www.instagram.com\/p\/C8LPyndP1q8\/?utm_source=ig_embed&amp;utm_campaign=loading\" data-instgrm-version=\"14\">\n<div style=\"padding: 16px;\">\n<div style=\"display: flex; flex-direction: row; align-items: center;\">\n<div style=\"background-color: #f4f4f4; border-radius: 50%; flex-grow: 0; height: 40px; margin-right: 14px; width: 40px;\"><\/div>\n<div style=\"display: flex; flex-direction: column; flex-grow: 1; justify-content: center;\">\n<div style=\"background-color: #f4f4f4; border-radius: 4px; flex-grow: 0; height: 14px; margin-bottom: 6px; width: 100px;\"><\/div>\n<div style=\"background-color: #f4f4f4; border-radius: 4px; flex-grow: 0; height: 14px; width: 60px;\"><\/div>\n<\/div>\n<\/div>\n<div style=\"padding: 19% 0;\"><\/div>\n<div style=\"display: block; height: 50px; margin: 0 auto 12px; width: 50px;\"><\/div>\n<div style=\"padding-top: 8px;\">\n<div style=\"color: #3897f0; font-family: Arial,sans-serif; font-size: 14px; font-style: normal; font-weight: 550; line-height: 18px;\">View this post on Instagram<\/div>\n<\/div>\n<div style=\"padding: 12.5% 0;\"><\/div>\n<div style=\"display: flex; flex-direction: row; margin-bottom: 14px; align-items: center;\">\n<div>\n<div style=\"background-color: #f4f4f4; border-radius: 50%; height: 12.5px; width: 12.5px; transform: translateX(0px) translateY(7px);\"><\/div>\n<div style=\"background-color: #f4f4f4; height: 12.5px; transform: rotate(-45deg) translateX(3px) translateY(1px); width: 12.5px; flex-grow: 0; margin-right: 14px; margin-left: 2px;\"><\/div>\n<div style=\"background-color: #f4f4f4; border-radius: 50%; height: 12.5px; width: 12.5px; transform: translateX(9px) translateY(-18px);\"><\/div>\n<\/div>\n<div style=\"margin-left: 8px;\">\n<div style=\"background-color: #f4f4f4; border-radius: 50%; flex-grow: 0; height: 20px; width: 20px;\"><\/div>\n<div style=\"width: 0; height: 0; border-top: 2px solid transparent; border-left: 6px solid #f4f4f4; border-bottom: 2px solid transparent; transform: translateX(16px) translateY(-4px) rotate(30deg);\"><\/div>\n<\/div>\n<div style=\"margin-left: auto;\">\n<div style=\"width: 0px; border-top: 8px solid #F4F4F4; border-right: 8px solid transparent; transform: translateY(16px);\"><\/div>\n<div style=\"background-color: #f4f4f4; flex-grow: 0; height: 12px; width: 16px; transform: translateY(-4px);\"><\/div>\n<div style=\"width: 0; height: 0; border-top: 8px solid #F4F4F4; border-left: 8px solid transparent; transform: translateY(-4px) translateX(8px);\"><\/div>\n<\/div>\n<\/div>\n<div style=\"display: flex; flex-direction: column; flex-grow: 1; justify-content: center; margin-bottom: 24px;\">\n<div style=\"background-color: #f4f4f4; border-radius: 4px; flex-grow: 0; height: 14px; margin-bottom: 6px; width: 224px;\"><\/div>\n<div style=\"background-color: #f4f4f4; border-radius: 4px; flex-grow: 0; height: 14px; width: 144px;\"><\/div>\n<\/div>\n<p style=\"color: #c9c8cd; font-family: Arial,sans-serif; font-size: 14px; line-height: 17px; margin-bottom: 0; margin-top: 8px; overflow: hidden; padding: 8px 0 7px; text-align: center; text-overflow: ellipsis; white-space: nowrap;\"><a style=\"color: #c9c8cd; font-family: Arial,sans-serif; font-size: 14px; font-style: normal; font-weight: normal; line-height: 17px; text-decoration: none;\" href=\"https:\/\/www.instagram.com\/p\/C8LPyndP1q8\/?utm_source=ig_embed&amp;utm_campaign=loading\" target=\"_blank\" rel=\"noopener\">A post shared by Kak\u00e1 Wer\u00e1 (@kaka_wera)<\/a><\/p>\n<\/div>\n<\/blockquote>\n<\/a><div class=\"fusion-text fusion-text-17 fusion-text-no-margin\" style=\"--awb-content-alignment:center;--awb-font-size:10px;--awb-text-color:var(--awb-color4);--awb-margin-top:20px;--awb-text-font-family:&quot;NeueKabel-Regular&quot;;--awb-text-font-style:normal;--awb-text-font-weight:400;\"><p>EXTERNAL LINK<\/p>\n<\/div><div class=\"fusion-text fusion-text-18\" style=\"--awb-text-color:var(--awb-color4);--awb-margin-top:30px;--awb-text-font-family:&quot;NeueKabel-Black&quot;;--awb-text-font-style:normal;--awb-text-font-weight:400;\"><div class=\"vlp-link-container vlp-layout-azimuth-2\"><a href=\"https:\/\/ndmais.com.br\/literatura\/kaka-wera-vence-jabuti-em-ano-que-marca-30-anos-de-literatura\/\" class=\"vlp-link\" title=\"Kak\u00e1 Wer\u00e1 vence o Jabuti em ano que celebra suas tr\u00eas d\u00e9cadas de literatura ind\u00edgena\" rel=\"nofollow\" target=\"_blank\"><\/a><div class=\"vlp-layout-zone-side\"><div class=\"vlp-block-3 vlp-link-image\"><img class=\"lazyload\" decoding=\"async\" src=\"data:image\/gif;base64,R0lGODlhAQABAAAAACH5BAEKAAEALAAAAAABAAEAAAICTAEAOw==\" data-orig-src=\"https:\/\/static.ndmais.com.br\/2024\/11\/img-2465.jpg\" style=\"max-width: 150px; max-height: 150px\" \/><\/div><\/div><div class=\"vlp-layout-zone-main\"><h3 class=\"vlp-block-0 vlp-link-title\">Kak\u00e1 Wer\u00e1 vence o Jabuti em ano que celebra suas tr\u00eas d\u00e9cadas de literatura ind\u00edgena<\/h3><div class=\"vlp-block-2 vlp-link-url\">https:\/\/ndmais.com.br\/literatura\/kaka-wera-vence-jabuti-em-ano-que-marca-30-anos-de-literatura\/<\/div><\/div><\/div>\n<p>POVOS IND\u00cdGENAS E PORTUGAL | ESTERE\u00d3TIPOS | PARTILHAR VIS\u00d5ES DE MUNDO<\/p>\n<\/div><div class=\"fusion-text fusion-text-19\"><p>Na verdade, eu n\u00e3o tenho muita refer\u00eancia de como que os portugueses v\u00eaem nem o Brasil, nem os povos ind\u00edgenas. Eu j\u00e1 vim aqui uma vez, o ano passado, e tive uma recep\u00e7\u00e3o, um acolhimento assim bem afetuoso, por parte local, dos portugueses, e na circunst\u00e2ncia de uma feira de literatura.<\/p>\n<p>Mas frequentemente, eu escuto dizer que a vis\u00e3o dos portugueses, daqui, n\u00e3o \u00e9 muito diferente da vis\u00e3o da m\u00e9dia dos brasileiros. Que \u00e9 a ideia de que os povos ind\u00edgenas, a figura do cidad\u00e3o ind\u00edgena, \u00e9 uma figura estereotipada, baseada em estere\u00f3tipos, baseada em ideias distorcidas.<\/p>\n<p>Uma delas, uma dessas ideias distorcidas, \u00e9 de que os povos n\u00e3o t\u00eam uma cultura, n\u00e3o t\u00eam um saber. E a outra delas, \u00e9 de que no Brasil se disputam terras que s\u00e3o muito grandes para comunidades pequenas.<\/p>\n<p>Mas eu n\u00e3o sei dizer ao certo se s\u00e3o essas as \u00fanicas refer\u00eancias. No entanto, \u00e9 necess\u00e1rio trazer &#8211; e isso eu acho importante, essa abertura em \u00d3bidos, por exemplo &#8211; as nossas vis\u00f5es de mundo, as nossas percep\u00e7\u00f5es.<\/p>\n<p>E esse convite, n\u00e3o s\u00f3 a mim, como a outros parentes, de poder compartilhar com a sociedade portuguesa em particular sobre as nossas vis\u00f5es de mundo, as nossas preocupa\u00e7\u00f5es, as nossas quest\u00f5es, isso nos ajuda a nos aproximar, de facto. E nos ajuda a abrir possibilidades de intera\u00e7\u00f5es mais propositivas.<\/p>\n<\/div><\/div><\/div><\/div><\/div><div class=\"fusion-fullwidth fullwidth-box fusion-builder-row-2 fusion-flex-container nonhundred-percent-fullwidth non-hundred-percent-height-scrolling\" style=\"--awb-border-radius-top-left:0px;--awb-border-radius-top-right:0px;--awb-border-radius-bottom-right:0px;--awb-border-radius-bottom-left:0px;--awb-flex-wrap:wrap;\" ><div class=\"fusion-builder-row fusion-row fusion-flex-align-items-flex-start fusion-flex-content-wrap\" style=\"max-width:1248px;margin-left: calc(-4% \/ 2 );margin-right: calc(-4% \/ 2 );\"><div class=\"fusion-layout-column fusion_builder_column fusion-builder-column-1 fusion_builder_column_1_1 1_1 fusion-flex-column\" style=\"--awb-bg-blend:overlay;--awb-bg-size:cover;--awb-width-large:100%;--awb-margin-top-large:0px;--awb-spacing-right-large:1.92%;--awb-margin-bottom-large:0px;--awb-spacing-left-large:1.92%;--awb-width-medium:100%;--awb-spacing-right-medium:1.92%;--awb-spacing-left-medium:1.92%;--awb-width-small:100%;--awb-spacing-right-small:1.92%;--awb-spacing-left-small:1.92%;\"><div class=\"fusion-column-wrapper fusion-flex-justify-content-flex-start fusion-content-layout-column\"><div class=\"fusion-text fusion-text-20 fusion-text-no-margin\" style=\"--awb-content-alignment:center;--awb-font-size:10px;--awb-text-color:var(--awb-color4);--awb-text-font-family:&quot;NeueKabel-Regular&quot;;--awb-text-font-style:normal;--awb-text-font-weight:400;\"><p>EXTERNAL LINKS<\/p>\n<\/div><div class=\"fusion-text fusion-text-21\"><div class=\"vlp-link-container vlp-layout-azimuth-2\"><a href=\"https:\/\/www.kakawera.com\/\" class=\"vlp-link\" title=\"Kak\u00e1 Wer\u00e1\" rel=\"nofollow\" target=\"_blank\"><\/a><div class=\"vlp-layout-zone-side\"><div class=\"vlp-block-3 vlp-link-image\"><img class=\"lazyload\" decoding=\"async\" src=\"data:image\/gif;base64,R0lGODlhAQABAAAAACH5BAEKAAEALAAAAAABAAEAAAICTAEAOw==\" data-orig-src=\"https:\/\/static.wixstatic.com\/media\/1059dc_632af7e29ba74e6c81bcf0108ab4fae3~mv2.jpg\/v1\/fit\/w_2500,h_1330,al_c\/1059dc_632af7e29ba74e6c81bcf0108ab4fae3~mv2.jpg\" style=\"max-width: 150px; max-height: 150px\" \/><\/div><\/div><div class=\"vlp-layout-zone-main\"><h3 class=\"vlp-block-0 vlp-link-title\">Kak\u00e1 Wer\u00e1<\/h3><div class=\"vlp-block-1 vlp-link-summary\">Website Oficial<\/div><div class=\"vlp-block-2 vlp-link-url\">https:\/\/www.kakawera.com\/<\/div><\/div><\/div>\n<p>&nbsp;<\/p>\n<div class=\"vlp-link-container vlp-layout-azimuth-2\"><a href=\"https:\/\/foliofestival.com\/\" class=\"vlp-link\" title=\"F\u00f3lio Festival | \u00d3bidos\" rel=\"nofollow\" target=\"_blank\"><\/a><div class=\"vlp-layout-zone-side\"><div class=\"vlp-block-3 vlp-link-image\"><img class=\"lazyload\" decoding=\"async\" src=\"data:image\/gif;base64,R0lGODlhAQABAAAAACH5BAEKAAEALAAAAAABAAEAAAICTAEAOw==\" data-orig-src=\"https:\/\/foliofestival.com\/2015\/wp-content\/uploads\/2024\/09\/folio24.jpg\" style=\"max-width: 150px; max-height: 150px\" \/><\/div><\/div><div class=\"vlp-layout-zone-main\"><h3 class=\"vlp-block-0 vlp-link-title\">F\u00f3lio Festival | \u00d3bidos<\/h3><div class=\"vlp-block-1 vlp-link-summary\">Website Oficial<\/div><div class=\"vlp-block-2 vlp-link-url\">https:\/\/foliofestival.com\/<\/div><\/div><\/div>\n<\/div><\/div><\/div><\/div><\/div><\/p>\n","protected":false},"excerpt":{"rendered":"","protected":false},"author":7,"featured_media":5133,"comment_status":"open","ping_status":"open","sticky":false,"template":"","format":"standard","meta":{"_acf_changed":false,"footnotes":""},"categories":[144],"tags":[],"class_list":["post-5144","post","type-post","status-publish","format-standard","has-post-thumbnail","hentry","category-ambiente-territorios-pt-pt-4"],"acf":[],"_links":{"self":[{"href":"https:\/\/azimuthworldfoundation.org\/pt-pt\/wp-json\/wp\/v2\/posts\/5144","targetHints":{"allow":["GET"]}}],"collection":[{"href":"https:\/\/azimuthworldfoundation.org\/pt-pt\/wp-json\/wp\/v2\/posts"}],"about":[{"href":"https:\/\/azimuthworldfoundation.org\/pt-pt\/wp-json\/wp\/v2\/types\/post"}],"author":[{"embeddable":true,"href":"https:\/\/azimuthworldfoundation.org\/pt-pt\/wp-json\/wp\/v2\/users\/7"}],"replies":[{"embeddable":true,"href":"https:\/\/azimuthworldfoundation.org\/pt-pt\/wp-json\/wp\/v2\/comments?post=5144"}],"version-history":[{"count":0,"href":"https:\/\/azimuthworldfoundation.org\/pt-pt\/wp-json\/wp\/v2\/posts\/5144\/revisions"}],"wp:featuredmedia":[{"embeddable":true,"href":"https:\/\/azimuthworldfoundation.org\/pt-pt\/wp-json\/wp\/v2\/media\/5133"}],"wp:attachment":[{"href":"https:\/\/azimuthworldfoundation.org\/pt-pt\/wp-json\/wp\/v2\/media?parent=5144"}],"wp:term":[{"taxonomy":"category","embeddable":true,"href":"https:\/\/azimuthworldfoundation.org\/pt-pt\/wp-json\/wp\/v2\/categories?post=5144"},{"taxonomy":"post_tag","embeddable":true,"href":"https:\/\/azimuthworldfoundation.org\/pt-pt\/wp-json\/wp\/v2\/tags?post=5144"}],"curies":[{"name":"wp","href":"https:\/\/api.w.org\/{rel}","templated":true}]}}