{"id":4766,"date":"2024-07-03T14:28:05","date_gmt":"2024-07-03T14:28:05","guid":{"rendered":"https:\/\/azimuthworldfoundation.org\/sem-categoria\/connecting-the-dots-with-edson-krenak\/"},"modified":"2025-09-04T16:33:56","modified_gmt":"2025-09-04T16:33:56","slug":"connecting-the-dots-with-edson-krenak","status":"publish","type":"post","link":"https:\/\/azimuthworldfoundation.org\/pt-pt\/historias\/ambiente-territorios-pt-pt-5\/connecting-the-dots-with-edson-krenak\/","title":{"rendered":"Connecting the Dots com Edson Krenak"},"content":{"rendered":"<p><img decoding=\"async\" class=\"lazyload  size-full wp-image-916\" src=\"https:\/\/azimuthworldfoundation.org\/wp-content\/uploads\/2024\/07\/CtD_EdsonKrenak_PostCover.001.jpeg\" data-orig-src=\"https:\/\/azimuthworldfoundation.org\/wp-content\/uploads\/2024\/07\/CtD_EdsonKrenak_PostCover.001.jpeg\" alt=\"CtD_EdsonKrenak_PostCover.001.jpeg\" width=\"1080\" height=\"503\" srcset=\"data:image\/svg+xml,%3Csvg%20xmlns%3D%27http%3A%2F%2Fwww.w3.org%2F2000%2Fsvg%27%20width%3D%271080%27%20height%3D%27503%27%20viewBox%3D%270%200%201080%20503%27%3E%3Crect%20width%3D%271080%27%20height%3D%27503%27%20fill-opacity%3D%220%22%2F%3E%3C%2Fsvg%3E\" data-srcset=\"https:\/\/azimuthworldfoundation.org\/wp-content\/uploads\/2024\/07\/CtD_EdsonKrenak_PostCover.001-300x140.jpeg 300w, https:\/\/azimuthworldfoundation.org\/wp-content\/uploads\/2024\/07\/CtD_EdsonKrenak_PostCover.001-768x358.jpeg 768w, https:\/\/azimuthworldfoundation.org\/wp-content\/uploads\/2024\/07\/CtD_EdsonKrenak_PostCover.001-1024x477.jpeg 1024w, https:\/\/azimuthworldfoundation.org\/wp-content\/uploads\/2024\/07\/CtD_EdsonKrenak_PostCover.001.jpeg 1080w\" data-sizes=\"auto\" data-orig-sizes=\"(max-width: 1080px) 100vw, 1080px\" \/><\/p>\n<div class=\"ebd-block \" data-type=\"heading\">\n<h2>Uma discuss\u00e3o profunda sobre direitos ind\u00edgenas na transi\u00e7\u00e3o verde, o impacto singular das organiza\u00e7\u00f5es ind\u00edgenas, a evolu\u00e7\u00e3o do movimento ind\u00edgena no Brasil, e o trabalho do autor, acad\u00e9mico e coordenador da <a href=\"https:\/\/www.culturalsurvival.org\">Cultural Survival<\/a> e da <a href=\"https:\/\/www.sirgecoalition.org\">SIRGE Coalition<\/a>.<\/h2>\n<\/div>\n<div class=\"ebd-block \" data-type=\"text\">\n<p>Nos \u00faltimos anos, temos assistido a um ressurgimento do movimento Ind\u00edgena a n\u00edvel global. As novas tecnologias t\u00eam permitido que a enorme diversidade de Povos Ind\u00edgenas do mundo ganhe mais visibilidade, e que o fa\u00e7a ancorada na capacidade de construir as suas pr\u00f3prias narrativas sobre o seu passado, presente e futuro &#8211; uma mudan\u00e7a tect\u00f3nica face a uma hist\u00f3ria que ao longo dos s\u00e9culos foi definida e mantida pelo Ocidente.<\/p>\n<p>Esta nova visibilidade tem criado pontes de solidariedade entre os Povos Ind\u00edgenas, unidos em torno dos desafios comuns que enfrentam, mas tamb\u00e9m das solu\u00e7\u00f5es comprovadas que as suas cosmovis\u00f5es oferecem para um futuro sustent\u00e1vel e mais justo para a humanidade &#8211; basta pensar nos estudos que demonstram a rela\u00e7\u00e3o estreita que existe entre a gest\u00e3o Ind\u00edgena dos territ\u00f3rios e a preserva\u00e7\u00e3o da biodiversidade.<\/p>\n<p>Mas este ressurgimento das causas Ind\u00edgenas est\u00e1 tamb\u00e9m a acontecer junto dos n\u00e3o-Ind\u00edgenas, um pouco por todo o mundo. E a uma vis\u00e3o quase museol\u00f3gica, que cingia os povos Ind\u00edgenas a um passado pr\u00e9-colonial e \u00e0 sua subsequente destrui\u00e7\u00e3o por esse processo, op\u00f5e-se uma consciencializa\u00e7\u00e3o crescente das sociedades, culturas e l\u00ednguas Ind\u00edgenas como vivas, vibrantes e indispens\u00e1veis para a sobreviv\u00eancia do nosso planeta.<\/p>\n<p>Mais do que nunca, torna-se essencial fortalecer este ressurgimento do movimento Ind\u00edgena, em face das pol\u00edticas de transi\u00e7\u00e3o energ\u00e9tica e de prote\u00e7\u00e3o ambiental definidas internacionalmente. Vivemos um momento crucial para garantir que as bases do nosso futuro comum estejam assentes na defesa dos Direitos Humanos, e muito particularmente nos Direitos dos Povos Ind\u00edgenas, em cujos territ\u00f3rios se encontram protegidos recursos naturais e \u00edndices de biodiversidade indispens\u00e1veis ao equil\u00edbrio dos ecossistemas.<\/p>\n<p>No trabalho do Edson Krenak, o nosso convidado de hoje, todas estas quest\u00f5es se entrecruzam, criando um percurso singular de luta pelos direitos dos Povos Ind\u00edgenas. Edson \u00e9 Advocacy Coordinator na <a href=\"https:\/\/www.culturalsurvival.org\">Cultural Survival<\/a>, onde tamb\u00e9m guia o trabalho da organiza\u00e7\u00e3o no Brasil. Est\u00e1 ainda envolvido na coordena\u00e7\u00e3o no fundo Ind\u00edgena <a href=\"https:\/\/www.culturalsurvival.org\/programs\/advocacy\/koef\">Keepers of the Earth<\/a>, atrav\u00e9s do qual a Cultural Survival apoia projetos Ind\u00edgenas de prote\u00e7\u00e3o ambiental e soberania territorial.<\/p>\n<p>A par deste trabalho de capacita\u00e7\u00e3o e apoio a organiza\u00e7\u00f5es Ind\u00edgenas, Edson tem dedicado a sua vida \u00e0 divulga\u00e7\u00e3o das culturas Ind\u00edgenas (que inclui a produ\u00e7\u00e3o do seu <a href=\"https:\/\/www.amazon.com.br\/sonho-Borum-Edson-Krenak\/dp\/658843765X\">premiado trabalho como autor<\/a>), \u00e0 promo\u00e7\u00e3o de uma educa\u00e7\u00e3o descolonizadora da hist\u00f3ria, e \u00e0 cria\u00e7\u00e3o de alian\u00e7as que fortale\u00e7am o movimento Ind\u00edgena, tanto no Brasil como internacionalmente. \u00c9 de destacar a sua atua\u00e7\u00e3o no comit\u00e9 executivo da <a href=\"https:\/\/www.sirgecoalition.org\">SIRGE Coalition<\/a>, que tem desenvolvido um importante trabalho no sentido de garantir que os direitos dos Povos Ind\u00edgenas s\u00e3o respeitados nas pol\u00edticas de extra\u00e7\u00e3o dos minerais essenciais \u00e0 transi\u00e7\u00e3o energ\u00e9tica. Edson est\u00e1 atualmente a terminar o doutoramento em Antropologia Legal pela Universidade de Viena, na \u00c1ustria.<\/p>\n<p><em data-redactor-tag=\"em\" data-verified=\"redactor\"><span style=\"color: #e44a4a;\" data-redactor-tag=\"span\" data-verified=\"redactor\" data-redactor-style=\"color: #E44A4A\">Veja e vers\u00e3o em v\u00eddeo em baixo, ou fa\u00e7a scroll para ouvir a vers\u00e3o em <a class=\"\" title=\"\" href=\"https:\/\/azimuthworldfoundation.org\/stories\/connecting-the-dots-with-edson-krenak\/#PODCAST\">podcast<\/a> ou para ler a vers\u00e3o <a class=\"\" title=\"\" href=\"https:\/\/azimuthworldfoundation.org\/stories\/connecting-the-dots-with-edson-krenak\/#PT\">escrita<\/a>.<\/span><\/em><\/p>\n<\/div>\n<div class=\"ebd-block \" data-type=\"youtube\">\n<div class=\"youtube-embed video-embed-wrapper is-responsive\"><div class=\"video-container\"><iframe src=\"https:\/\/www.youtube.com\/embed\/9MbTxA3Kdpg?feature=oembed\" width=\"100%\" height=\"407\" allowfullscreen=\"allowfullscreen\"><span data-mce-type=\"bookmark\" style=\"display: inline-block; width: 0px; overflow: hidden; line-height: 0;\" class=\"mce_SELRES_start\">\ufeff<\/span><\/iframe><\/div><\/div>\n<\/div>\n<div class=\"ebd-block \" data-type=\"rule\">\n<hr \/>\n<\/div>\n<div id=\"PODCAST\" class=\"ebd-block has-nested\" data-type=\"tabs\">\n<h3><a role=\"tab\" href=\"#firsttab-66865e41ebeb1-65f1dc47cf9c3015817057005866675\" data-bp-toggle=\"tab\">CONNECTING THE DOTS &#8211; PODCAST<\/a><\/h3>\n<div class=\"tab-content\" data-tabs-content=\"\">\n<div id=\"firsttab-66865e41ebeb1-65f1dc47cf9c3015817057005866675\" class=\"tab-pane active\">\n<div class=\"ebd-block is-nested \" data-type=\"text\">\n<p><strong data-redactor-tag=\"strong\" data-verified=\"redactor\">N\u00e3o vive sem os seus podcasts?<\/strong> Para n\u00e3o perder um epis\u00f3dio, subscreva o canal da Azimuth na Apple Podcasts ou no Spotify, <a class=\"\" title=\"\" href=\"https:\/\/azimuthworldfoundation.org\/insights.html\">aqui<\/a>.<\/p>\n<\/div>\n<div class=\"ebd-block is-nested \" data-type=\"html\"><iframe src=\"https:\/\/open.spotify.com\/embed\/episode\/5jGEwQXAHYcWyyxuB0n2S0\" width=\"100%\" height=\"232\" frameborder=\"0\"><\/iframe><\/div>\n<div class=\"ebd-block is-nested \" data-type=\"html\"><iframe style=\"width: 100%; max-width: 660px; overflow: hidden; border-radius: 10px;\" src=\"https:\/\/embed.podcasts.apple.com\/pt\/podcast\/connecting-the-dots-com-edson-krenak-original-em-portugu%C3%AAs\/id1607307337?i=1000661306596\" height=\"175\" frameborder=\"0\" sandbox=\"allow-forms allow-popups allow-same-origin allow-scripts allow-storage-access-by-user-activation allow-top-navigation-by-user-activation\"><\/iframe><\/div>\n<\/div>\n<\/div>\n<\/div>\n<div class=\"ebd-block \" data-type=\"text\">\n<p style=\"text-align: center;\">\n<\/div>\n<div id=\"PT\" class=\"ebd-block \" data-type=\"rule\">\n<hr \/>\n<\/div>\n<div class=\"ebd-block \" data-type=\"text\">\n<p style=\"text-align: left;\"><strong data-redactor-tag=\"strong\" data-verified=\"redactor\"><span style=\"color: #e44a4a;\" data-redactor-tag=\"span\" data-verified=\"redactor\" data-redactor-style=\"color: #E44A4A\">VERS\u00c3O ESCRITA<\/span><\/strong><\/p>\n<p><strong data-redactor-tag=\"strong\" data-verified=\"redactor\"><span style=\"color: #e44a4a;\" data-redactor-tag=\"span\" data-verified=\"redactor\" data-redactor-style=\"color: #E44A4A\"><img class=\"lazyload\" decoding=\"async\" src=\"data:image\/svg+xml,%3Csvg%20xmlns%3D%27http%3A%2F%2Fwww.w3.org%2F2000%2Fsvg%27%20width%3D%27888%27%20height%3D%27990%27%20viewBox%3D%270%200%20888%20990%27%3E%3Crect%20width%3D%27888%27%20height%3D%27990%27%20fill-opacity%3D%220%22%2F%3E%3C%2Fsvg%3E\" data-orig-src=\"https:\/\/azimuthworldfoundation.org\/wp-content\/uploads\/2024\/07\/b2ap3_large_Screenshot-2024-07-04-at-14.39.38.png\" alt=\"\" width=\"888\" height=\"990\" \/><br \/>\n<\/span><\/strong><\/p>\n<\/div>\n<div class=\"ebd-block \" data-type=\"text\">\n<p><strong data-redactor-tag=\"strong\" data-verified=\"redactor\"><span style=\"color: #e44a4a;\" data-redactor-tag=\"span\" data-verified=\"redactor\" data-redactor-style=\"color: #E44A4A\">MARIANA MARQUES\u00a0(AZIMUTH WORLD FOUNDATION)<\/span><\/strong><\/p>\n<p><em data-redactor-tag=\"em\" data-verified=\"redactor\">Edson, muito obrigado por estar hoje aqui connosco.\u00a0<\/em><em data-redactor-tag=\"em\" data-verified=\"redactor\">Eu come\u00e7ava por pedir que nos contasse um pouco mais sobre o seu percurso, sobre a comunidade, como aconteceu o seu envolvimento no ativismo pelas causas dos Povos Ind\u00edgenas, e como \u00e9 que ele foi evoluindo,\u00a0do n\u00edvel local e comunit\u00e1rio para o\u00a0n\u00edvel nacional, no Brasil, e\u00a0para o\u00a0n\u00edvel internacional.<\/em><\/p>\n<p><strong data-redactor-tag=\"strong\" data-verified=\"redactor\"><span style=\"color: #e44a4a;\" data-redactor-tag=\"span\" data-verified=\"redactor\" data-redactor-style=\"color: #E44A4A\">EDSON KRENAK<\/span><\/strong><\/p>\n<p>Como muitos Ind\u00edgenas que vivem na cidade, eu como que busco coletar os cacos da nossa hist\u00f3ria. Porque a hist\u00f3ria dos Povos Ind\u00edgenas em muitos lugares, ela n\u00e3o existe como uma narrativa linear, uma narrativa f\u00e1cil de ser encontrada. \u00c9 uma narrativa, \u00e9 uma hist\u00f3ria, que voc\u00ea precisa fazer. \u00c9 um quebra-cabe\u00e7as, que voc\u00ea pega v\u00e1rias partes e tenta colocar junto. Por causa das a\u00e7\u00f5es do tempo colonial, do Estado, que nem sempre \u00e9 um Estado que realmente faz seu trabalho como protetor dos direitos das minorias, dos direitos dos Povos Ind\u00edgenas.<\/p>\n<p>Minha fam\u00edlia, ela \u00e9 uma fam\u00edlia que se tornou uma fam\u00edlia de refugiados. Uma fam\u00edlia de pessoas que tiveram que sair dos seus territ\u00f3rios tradicionais, e buscar viver em outros lugares, como muitos Povos Ind\u00edgenas no Brasil.<\/p>\n<p>O povo Krenak, ele n\u00e3o vive inteiramente no territ\u00f3rio tradicional, porque parte dele, mais da metade, teve que sair para morar em outras \u00e1reas, por causa de empreendimentos miner\u00e1rios, como o da Vale, da enorme companhia multinacional de ferro no Brasil. E depois de muitos conflitos, e viol\u00eancia, e problemas, muitas fam\u00edlias decidiram ir buscar outro lugar para poder se proteger, e proteger os filhos.<\/p>\n<p>Ent\u00e3o, quando eu nasci, n\u00f3s nascemos j\u00e1 fora do contexto do territ\u00f3rio tradicional. E para meu pai, quando ele viu aquele monte de filhos que ele tinha j\u00e1,\u00a0&#8211; n\u00f3s somos uma fam\u00edlia grande, de 8 filhos, eu tenho 4 irm\u00e3os e 4 irm\u00e3s &#8211; ele falou assim: &#8220;Olha, \u00e9 muito dif\u00edcil ser Ind\u00edgena no Brasil. \u00c9 melhor a gente abra\u00e7ar totalmente a identidade brasileira, e deixar esse neg\u00f3cio de ser Ind\u00edgena de lado.&#8221;<\/p>\n<\/div>\n<hr \/>\n<p>External Link<\/p>\n<div class=\"vlp-link-container vlp-layout-azimuth-2\"><a href=\"https:\/\/cimi.org.br\/2021\/10\/povo-krenak-impactos-violacoes-ditadura-militar-justica\/\" class=\"vlp-link\" title=\"Povo Krenak ainda sente impactos das viola\u00e7\u00f5es praticadas na Ditadura Militar, agora reconhecidas e condenadas pela justi\u00e7a | Cimi\" rel=\"nofollow\" target=\"_blank\"><\/a><div class=\"vlp-layout-zone-side\"><div class=\"vlp-block-3 vlp-link-image\"><img class=\"lazyload\" decoding=\"async\" src=\"data:image\/gif;base64,R0lGODlhAQABAAAAACH5BAEKAAEALAAAAAABAAEAAAICTAEAOw==\" data-orig-src=\"https:\/\/cimi.org.br\/wp-content\/uploads\/2021\/10\/Familias-Krenak-na-Fazenda-Guarani-decada-de-1970-Ligia-Simonian-Cimi.jpg\" style=\"max-width: 150px; max-height: 150px\" \/><\/div><\/div><div class=\"vlp-layout-zone-main\"><h3 class=\"vlp-block-0 vlp-link-title\">Povo Krenak ainda sente impactos das viola\u00e7\u00f5es praticadas na Ditadura Militar, agora reconhecidas e condenadas pela justi\u00e7a | Cimi<\/h3><div class=\"vlp-block-1 vlp-link-summary\">A Uni\u00e3o, a Funai e o governo de Minas Gerais foram condenados pelas viola\u00e7\u00f5es; a Funai dever\u00e1 tamb\u00e9m demarcar a TI Sete Sal\u00f5es, \u00e1rea sagrada para os Krenak<br \/>\nhttps:\/\/cimi.org.br\/2021\/10\/povo-krenak-impactos-violacoes-ditadura-militar-justica\/<\/div><div class=\"vlp-block-2 vlp-link-url\">https:\/\/cimi.org.br\/2021\/10\/povo-krenak-impactos-violacoes-ditadura-militar-justica\/<\/div><\/div><\/div>\n<hr \/>\n<div class=\"ebd-block \" data-type=\"text\">\n<p>Mas as visitas \u00e0 terra tradicional, as hist\u00f3rias familiares, falando com a tia, com o tio, acabaram\u00a0deixando muitos fios sem liga\u00e7\u00e3o na minha hist\u00f3ria. E eu comecei, quando adolescente, quando jovem, a fazer perguntas sobre os nossos ancestrais Ind\u00edgenas.\u00a0E fui\u00a0reconectando esses fios. Ent\u00e3o o meu pai, embora reticente, por causa da viol\u00eancia, por causa dos ataques, por causa da vergonha, por causa de tantos desafios de ser Ind\u00edgena no Brasil, apesar de tudo isso, a gente acabou\u00a0voltando aos poucos para as nossas origens.<\/p>\n<p>E a\u00ed eu visitei a nossa aldeia Krenak. Se chama Terra Ind\u00edgena Vanuire, no interior de S\u00e3o Paulo, que \u00e9 uma Terra de v\u00e1rios Povos Ind\u00edgenas. \u00c9 uma Terra reconhecida, demarcada, tudo direitinho, mas muito pequenininha, onde vivem 7 povos Ind\u00edgenas &#8211; um deles \u00e9 o povo Krenak &#8211; que sofreram a di\u00e1spora nos anos 40, 50. H\u00e1 70, 80 anos atr\u00e1s. Ent\u00e3o, vendo essa realidade, isso, claro, me chamou muito a aten\u00e7\u00e3o.<\/p>\n<p>Fui para a universidade e, observando essa realidade, eu comecei a entrar em contato com estudantes Ind\u00edgenas, l\u00edderes Ind\u00edgenas, ativistas Ind\u00edgenas, e a procurar saber como \u00e9 que eu posso fortalecer a identidade novamente, da minha pr\u00f3pria fam\u00edlia, mas tamb\u00e9m da minha pr\u00f3pria comunidade, do meu pr\u00f3prio Povo.<\/p>\n<p>Ent\u00e3o, foi assim que eu comecei aos poucos me envolvendo com o movimento Ind\u00edgena. E o grande mestre &#8211; um dos dois grandes mestres da minha hist\u00f3ria &#8211; \u00e9 o Daniel Munduruku, escritor Ind\u00edgena brasileiro. Foi quando ele nos visitou na universidade, onde eu estava estudando, que apresentou o movimento liter\u00e1rio Ind\u00edgena. O movimento de ativismo pela literatura.<\/p>\n<p>A\u00ed, eu participei de uma oficina com ele. Ele viu um texto meu, de uma hist\u00f3ria que meu pai, meu tio, sempre contavam. Essa hist\u00f3ria est\u00e1 no meu\u00a0primeiro livro, que ganhou um pr\u00e9mio. Se chama <a class=\"\" title=\"\" href=\"https:\/\/www.amazon.com.br\/sonho-Borum-Edson-Krenak\/dp\/658843765X\" target=\"_blank\" rel=\"noopener noreferrer\">&#8220;O Sonho de Borum&#8221;<\/a>. E quando ele\u00a0leu essa hist\u00f3ria,\u00a0falou assim: &#8220;Edson, essa hist\u00f3ria, ela \u00e9 linda. Ela precisa de ser compartilhada&#8221;. E a\u00ed, a gente publicou o livro juntos.<\/p>\n<p><a class=\"eb-image-viewport\"><img class=\"lazyload\" decoding=\"async\" src=\"data:image\/svg+xml,%3Csvg%20xmlns%3D%27http%3A%2F%2Fwww.w3.org%2F2000%2Fsvg%27%20width%3D%27956%27%20height%3D%271080%27%20viewBox%3D%270%200%20956%201080%27%3E%3Crect%20width%3D%27956%27%20height%3D%271080%27%20fill-opacity%3D%220%22%2F%3E%3C%2Fsvg%3E\" data-orig-src=\"https:\/\/azimuthworldfoundation.org\/wp-content\/uploads\/2024\/07\/b2ap3_large_706.jpg.webp\" \/><\/a><\/p>\n<\/div>\n<div class=\"ebd-block \" style=\"text-align: center;\" data-type=\"image\">\n<div class=\"eb-image style-clear\">\n<div class=\"eb-image-figure is-responsive\">\n<div style=\"width: 830px\" class=\"wp-caption alignnone\"><img class=\"lazyload\" decoding=\"async\" src=\"data:image\/svg+xml,%3Csvg%20xmlns%3D%27http%3A%2F%2Fwww.w3.org%2F2000%2Fsvg%27%20width%3D%27820%27%20height%3D%27580%27%20viewBox%3D%270%200%20820%20580%27%3E%3Crect%20width%3D%27820%27%20height%3D%27580%27%20fill-opacity%3D%220%22%2F%3E%3C%2Fsvg%3E\" data-orig-src=\"https:\/\/azimuthworldfoundation.org\/wp-content\/uploads\/2024\/07\/b2ap3_large_FB_IMG_1715356001616.jpg\" alt=\"\" width=\"820\" height=\"580\" \/><p class=\"wp-caption-text\">Do arquivo pessoal de Edson Krenak<\/p><\/div>\n<\/div>\n<\/div>\n<\/div>\n<div class=\"ebd-block \" data-type=\"text\">\n<p>Entrei em contato com o Ailton Krenak, que tamb\u00e9m\u00a0estava muito envolvido com o movimento de literatura Ind\u00edgena, nesse momento. E foi atrav\u00e9s de redes, de ativistas, de movimentos &#8211;\u00a0h\u00e1 muitos movimentos Ind\u00edgenas no Brasil &#8211; que a gente foi ampliando o nosso trabalho, o nosso contato, e ampliando a luta, tamb\u00e9m.<\/p>\n<p>Ent\u00e3o, fundamentalmente, a minha hist\u00f3ria come\u00e7a no movimento de literatura Ind\u00edgena, de escritores Ind\u00edgenas. Unidos nesse amor pela hist\u00f3rias que nos definem, pelas hist\u00f3rias da natureza, pelas hist\u00f3rias que falam das nossas rela\u00e7\u00f5es profundas e ancestrais com o meio ambiente.<\/p>\n<p>A gente percebeu nesse momento, de encontro com escritores Ind\u00edgenas\u00a0que\u00a0visitavam escolas e\u00a0universidades no Brasil, que\u00a0existia muito preconceito, estere\u00f3tipos, inclusive racismo. Porque as pessoas n\u00e3o conheciam os Ind\u00edgenas. Muitos lugares, as pessoas pensavam que os Ind\u00edgenas nem existiam mais, que estavam somente presentes nos livros.<\/p>\n<p>A\u00ed, a gente come\u00e7ou uma caravana de escritores Ind\u00edgenas. Se chamava Mekukradja, que \u00e9 um nome que significa &#8220;transferindo conhecimento&#8221;, ou &#8220;compartilhando conhecimento&#8221;, em l\u00edngua Kayap\u00f3. E n\u00f3s come\u00e7\u00e1mos a visitar escolas, universidades, institutos culturais, comunidades, para contar hist\u00f3rias Ind\u00edgenas, e compartilhar as nossas perspectivas, e esclarecer quem s\u00e3o os Povos Ind\u00edgenas. N\u00f3s estamos ainda aqui. N\u00f3s sobrevivemos. Sobrevivemos os tempos coloniais, os tempos da ditadura. N\u00f3s sobrevivemos o s\u00e9culo XX, e estamos aqui no s\u00e9culo XXI. E estamos querendo ter rela\u00e7\u00f5es melhores com a sociedade ao nosso redor.<\/p>\n<p>E a\u00ed se tornou nacional, porque as nossas visitas foram em todo o pa\u00eds. Visitando, a demanda cresceu. O n\u00famero de escritores tamb\u00e9m cresceram. A gente ia nas aldeias, nas comunidades, e descobria escritores, talentos, artistas, contadores de hist\u00f3rias, l\u00e1. E trazia para essa nossa caravana.<\/p>\n<p>E a\u00ed teve uma vez que n\u00f3s sediamos um evento internacional de escritores Ind\u00edgenas, no Brasil. A gente recebeu escritores Ind\u00edgenas do Chile, do Canad\u00e1, de outros pa\u00edses da Am\u00e9rica Latina. E a gente percebeu que tinha v\u00e1rios aspectos da nossa hist\u00f3ria que eram comuns.<\/p>\n<p><img class=\"lazyload\" decoding=\"async\" src=\"data:image\/svg+xml,%3Csvg%20xmlns%3D%27http%3A%2F%2Fwww.w3.org%2F2000%2Fsvg%27%20width%3D%271080%27%20height%3D%27594%27%20viewBox%3D%270%200%201080%20594%27%3E%3Crect%20width%3D%271080%27%20height%3D%27594%27%20fill-opacity%3D%220%22%2F%3E%3C%2Fsvg%3E\" data-orig-src=\"https:\/\/azimuthworldfoundation.org\/wp-content\/uploads\/2024\/07\/b2ap3_large_FB_IMG_1715356018067.jpg\" alt=\"\" width=\"1080\" height=\"594\" \/><\/p>\n<\/div>\n<div class=\"ebd-block \" style=\"text-align: center;\" data-type=\"image\">\n<div class=\"eb-image style-clear\">\n<div class=\"eb-image-figure is-responsive\">\n<div style=\"width: 802px\" class=\"wp-caption alignnone\"><img class=\"lazyload\" decoding=\"async\" src=\"data:image\/svg+xml,%3Csvg%20xmlns%3D%27http%3A%2F%2Fwww.w3.org%2F2000%2Fsvg%27%20width%3D%27792%27%20height%3D%27494%27%20viewBox%3D%270%200%20792%20494%27%3E%3Crect%20width%3D%27792%27%20height%3D%27494%27%20fill-opacity%3D%220%22%2F%3E%3C%2Fsvg%3E\" data-orig-src=\"https:\/\/azimuthworldfoundation.org\/wp-content\/uploads\/2024\/07\/b2ap3_large_FB_IMG_1715355990303.jpg\" alt=\"\" width=\"792\" height=\"494\" \/><p class=\"wp-caption-text\">Do arquivo pessoal de Edson Krenak<\/p><\/div>\n<\/div>\n<\/div>\n<\/div>\n<div class=\"ebd-block \" data-type=\"text\">\n<p>E eu passei a estar curioso a respeito dos Povos Ind\u00edgenas de outros pa\u00edses, e decidi fazer o meu doutorado fora do Brasil. Fui buscar universidade. Foi muito dif\u00edcil, porque muitas universidades do Brasil, e fora do Brasil, eles ainda t\u00eam uma dificuldade de entender a din\u00e2mica dos conhecimentos Ind\u00edgenas, essas novas e diferentes maneiras de ver o conhecimento da ci\u00eancia, as epistemologias Ind\u00edgenas. \u00d3bvio que n\u00f3s vemos o conhecimento. E a\u00ed, por algum mist\u00e9rio do universo, eu posso dizer assim, eu acabei chegando aqui em Viena, para estudar na Universidade de Viena.<\/p>\n<p>E claro que quando eu estava trabalhando no meu projeto de doutorado, eu precisaria tamb\u00e9m de conversar com as comunidades. Porque a pesquisa Ind\u00edgena, ela n\u00e3o \u00e9 individual. Ela n\u00e3o \u00e9 um projeto individual do pesquisador. Mas a pesquisa Ind\u00edgena, a gente at\u00e9 chama uma cerim\u00f4nia, de construir um conhecimento coletivo e que possa atender as demandas coletivas. E conversando com a minha comunidade, com outras comunidades do Brasil, eu perguntei para eles: &#8220;O que \u00e9 importante eu pesquisar no meu doutorado, para voc\u00eas? O que \u00e9 que seria relevante para a comunidade?&#8221;<\/p>\n<p>Porque a gente v\u00ea muita pesquisa, uma pesquisa muito colonizadora, aqui. Est\u00e1 sempre presente na hist\u00f3ria das comunidades Ind\u00edgenas que o pesquisador vai l\u00e1, produz o conhecimento, e s\u00f3 serve para ele, s\u00f3 serve para a universidade, e n\u00e3o serve para a comunidade. E a comunidade nunca vai ouvir falar dessa pesquisa de novo.<\/p>\n<p>Ent\u00e3o, eles tra\u00e7aram, vamos dizer assim, os outlines para a minha pesquisa, para a minha investiga\u00e7\u00e3o acad\u00eamica. E me falaram: &#8220;Olha, o que \u00e9 importante \u00e9 o nosso territ\u00f3rio, nossa Terra. Tem que encontrar maneiras de expressar o que isso significa para a gente. Segundo, os nossos direitos. E como \u00e9 que a gente entende isso, como \u00e9 que a gente gostaria que isso fosse entendido fora do Brasil.&#8221;<\/p>\n<p>Ent\u00e3o, a minha cacica, a Lidiane Krenak, ela disse: &#8220;Edson, voc\u00ea precisa lutar onde a gente n\u00e3o pode ir agora lutar. E para fazer essa luta, voc\u00ea precisa defender os nossos direitos culturais, criar uma pesquisa que possa contribuir para isso&#8221;.<\/p>\n<p style=\"text-align: center;\"><img class=\"lazyload\" decoding=\"async\" src=\"data:image\/svg+xml,%3Csvg%20xmlns%3D%27http%3A%2F%2Fwww.w3.org%2F2000%2Fsvg%27%20width%3D%27960%27%20height%3D%27720%27%20viewBox%3D%270%200%20960%20720%27%3E%3Crect%20width%3D%27960%27%20height%3D%27720%27%20fill-opacity%3D%220%22%2F%3E%3C%2Fsvg%3E\" data-orig-src=\"https:\/\/azimuthworldfoundation.org\/wp-content\/uploads\/2024\/07\/b2ap3_large_FB_IMG_1715356014282.jpg\" alt=\"\" width=\"960\" height=\"720\" \/><br \/>\nDo arquivo pessoal de Edson Krenak<\/p>\n<\/div>\n<hr \/>\n<p>External Link<\/p>\n<div class=\"vlp-link-container vlp-layout-azimuth-2\"><a href=\"https:\/\/www.culturalsurvival.org\/news\/alem-de-belas-palavras-necessitamos-de-acoes-concretas-para-celebrar-o-mes-dos-povos-indigenas\" class=\"vlp-link\" title=\"Al\u00e9m de belas palavras: Necessitamos de a\u00e7\u00f5es concretas para celebrar o m\u00eas dos Povos Ind\u00edgenas no Brasil\" rel=\"nofollow\" target=\"_blank\"><\/a><div class=\"vlp-layout-zone-side\"><div class=\"vlp-block-3 vlp-link-image\"><img class=\"lazyload\" decoding=\"async\" src=\"data:image\/gif;base64,R0lGODlhAQABAAAAACH5BAEKAAEALAAAAAABAAEAAAICTAEAOw==\" data-orig-src=\"https:\/\/www.culturalsurvival.org\/sites\/default\/files\/4551428194_7b7df1953b_o_0.jpg\" style=\"max-width: 150px; max-height: 150px\" \/><\/div><\/div><div class=\"vlp-layout-zone-main\"><h3 class=\"vlp-block-0 vlp-link-title\">Al\u00e9m de belas palavras: Necessitamos de a\u00e7\u00f5es concretas para celebrar o m\u00eas dos Povos Ind\u00edgenas no Brasil<\/h3><div class=\"vlp-block-1 vlp-link-summary\">Por Edson Krenak (Krenak, CS Staff)<br \/>\nhttps:\/\/www.culturalsurvival.org\/news\/alem-de-belas-palavras-necessitamos-de-acoes-concretas-para-celebrar-o-mes-dos-povos-indigenas<\/div><div class=\"vlp-block-2 vlp-link-url\">https:\/\/www.culturalsurvival.org\/news\/alem-de-belas-palavras-necessitamos-de-acoes-concretas-para-celebrar-o-mes-dos-povos-indigenas<\/div><\/div><\/div>\n<hr \/>\n<div class=\"ebd-block \" data-type=\"text\">\n<p>Ent\u00e3o, quando eu vim para Viena, eu passei a conhecer outros movimentos Ind\u00edgenas internacionais. Eu conheci a Cultural Survival num evento aqui, numa confer\u00eancia. E eles me convidaram para trabalhar. A princ\u00edpio, como consultor para eles. E depois vimos as necessidades no campo, no Brasil, e fomos trabalhar. No segundo ano, depois de 2 anos trabalhando na Cultural Survival, explodiu essa quest\u00e3o dos minerais de transi\u00e7\u00e3o, essa quest\u00e3o dos minerais importantes para a tecnologia das baterias, carros el\u00e9tricos, etc\u2026<\/p>\n<p>E explodiu por dois contextos. Primeiro, as propostas de novas legisla\u00e7\u00f5es na Uni\u00e3o Europeia, em lugares como o OECD.\u00a0Eles come\u00e7aram a discutir essa legisla\u00e7\u00e3o: &#8220;Como \u00e9 que a gente vai remanejar os minerais que a gente precisa para essa nova revolu\u00e7\u00e3o digital,\u00a0da chamada energia verde?&#8221; Esse \u00e9 o primeiro aspecto, o aspecto legal.<\/p>\n<p>O segundo aspecto foi que eles listaram quantas minas precisariam, onde estavam os minerais, e onde eles iam abrir essas minas. E percebemos que 55% das minas dos minerais necess\u00e1rios\u00a0iam impactar diretamente os Povos Ind\u00edgenas. 55%. &#8220;Mas puxa, a gente precisa fazer alguma coisa a respeito disso. A gente n\u00e3o pode deixar que os governos e as empresas decidam sozinhos o que vai impactar as comunidades Ind\u00edgenas&#8221;.<\/p>\n<p>E a\u00ed, n\u00f3s come\u00e7amos essa coaliz\u00e3o de organiza\u00e7\u00f5es internacionais Ind\u00edgenas e n\u00e3o-Ind\u00edgenas, para fazer frente, para garantir que os direitos dos Povos Ind\u00edgenas nessa transi\u00e7\u00e3o para uma energia verde possam ser protegidos, tamb\u00e9m. Para que os Ind\u00edgenas n\u00e3o fiquem para tr\u00e1s nessa transi\u00e7\u00e3o. Que eles possam contribuir, e tamb\u00e9m receberem os benef\u00edcios dessa nova energia.<\/p>\n<p>Acabou uma coisa puxando a outra, buscando informa\u00e7\u00e3o, colocando sempre o foco no que a comunidade precisa. E\u00a0foi assim que esse trabalho acabou alcan\u00e7ando uma dimens\u00e3o internacional.<\/p>\n<\/div>\n<hr \/>\n<p>External Link<\/p>\n<div class=\"vlp-link-container vlp-layout-azimuth-2\"><a href=\"https:\/\/www.sirgecoalition.org\/\" class=\"vlp-link\" title=\"SIRGE Coalition\" rel=\"nofollow\" target=\"_blank\"><\/a><div class=\"vlp-layout-zone-side\"><div class=\"vlp-block-3 vlp-link-image\"><img class=\"lazyload\" decoding=\"async\" src=\"data:image\/gif;base64,R0lGODlhAQABAAAAACH5BAEKAAEALAAAAAABAAEAAAICTAEAOw==\" data-orig-src=\"http:\/\/static1.squarespace.com\/static\/62cd7860272be4335685de88\/t\/62ee601e69fb2875d73c8c46\/1659789342630\/sirge+icon.jpg?format=1500w\" style=\"max-width: 150px; max-height: 150px\" \/><\/div><\/div><div class=\"vlp-layout-zone-main\"><h3 class=\"vlp-block-0 vlp-link-title\">SIRGE Coalition<\/h3><div class=\"vlp-block-1 vlp-link-summary\">Website Oficial<br \/>\nhttps:\/\/www.sirgecoalition.org\/<\/div><div class=\"vlp-block-2 vlp-link-url\">https:\/\/www.sirgecoalition.org\/<\/div><\/div><\/div>\n<hr \/>\n<div class=\"ebd-block \" data-type=\"text\">\n<p><strong data-redactor-tag=\"strong\" data-verified=\"redactor\"><span style=\"color: #e44a4a;\" data-redactor-tag=\"span\" data-verified=\"redactor\" data-redactor-style=\"color: #E44A4A\">MARIANA MARQUES<\/span><\/strong><\/p>\n<p><em data-redactor-tag=\"em\" data-verified=\"redactor\">Pode partilhar connosco um pouco\u00a0mais sobre o crescimento do movimento Ind\u00edgena no Brasil?<\/em><\/p>\n<p><strong data-redactor-tag=\"strong\" data-verified=\"redactor\"><span style=\"color: #e44a4a;\" data-redactor-tag=\"span\" data-verified=\"redactor\" data-redactor-style=\"color: #E44A4A\">EDSON KRENAK<\/span><\/strong><\/p>\n<p>Eu divido em\u00a0tr\u00eas momentos, o crescimento do movimento Ind\u00edgena no Brasil, nas \u00faltimas d\u00e9cadas.<\/p>\n<p>O momento antes da Constitui\u00e7\u00e3o de 1988, que era o momento de luta por direitos, por reconhecimento da exist\u00eancia Ind\u00edgena. Porque at\u00e9 \u00e0 Constitui\u00e7\u00e3o de 1988, n\u00f3s n\u00e3o \u00e9ramos reconhecidos, \u00a0nem mesmo\u00a0como seres humanos completos. \u00c9ramos vistos como sub-humanos, como menores, como povos em tutela.<\/p>\n<p>Esse primeiro momento, do reconhecimento da exist\u00eancia, ele teve o seu \u00e1pice na Constitui\u00e7\u00e3o de 1988, que reconheceu, n\u00e3o somente a exist\u00eancia dos Povos Ind\u00edgenas do Brasil, mas o direito deles de viverem como eles querem. O reconhecimento da soberania desses Povos sobre suas terras, os recursos, a l\u00edngua, a cultura, seus modos de vida. N\u00e3o \u00e9 uma Constitui\u00e7\u00e3o que foi dada pelo governo brasileiro, mas foi conquistada, exigiu muita luta.<\/p>\n<p>Depois, a segunda fase, foi uma fase de luta por demarca\u00e7\u00e3o de territ\u00f3rios. J\u00e1 \u00e9 contemplada na Constitui\u00e7\u00e3o de &#8217;88.\u00a0A\u00a0gente precisava de ter esses mapas reconhecidos nos documentos, na legisla\u00e7\u00e3o, nas pol\u00edticas p\u00fablicas do Brasil. Ent\u00e3o, teve esse momento muito importante. Que, na verdade, ele n\u00e3o acabou. Mas s\u00f3 para deixar bem claro, que at\u00e9 \u00e0 primeira d\u00e9cada dessa segunda fase, a demarca\u00e7\u00e3o de terra era para a prote\u00e7\u00e3o das culturas Ind\u00edgenas.<\/p>\n<p>S\u00f3 que com o Rio &#8217;92, com a voz do saudoso, por exemplo, Paulinho Paiakan, que foi um l\u00edder Ind\u00edgena muito importante, foi um dos meus tutores espirituais e mestres no in\u00edcio\u2026 Infelizmente, o COVID-19 acabou ceifando a vida dele. Nesse momento, da Eco &#8217;92 do Brasil, os Povos Ind\u00edgenas apresentaram que a demarca\u00e7\u00e3o de Terras Ind\u00edgenas tinha uma rela\u00e7\u00e3o profunda com a prote\u00e7\u00e3o do meio ambiente. Ent\u00e3o, essa terceira fase, ela come\u00e7a como os Povos Ind\u00edgenas como os guardi\u00e3es da biodiversidade.<\/p>\n<p>Hoje, o movimento Ind\u00edgena no Brasil\u00a0carrega a hist\u00f3ria de reconhecimento das nossas exist\u00eancias. Carrega a luta pela terra, pelos territ\u00f3rios tradicionais. E est\u00e1 trazendo agora, com toda a for\u00e7a, essa mensagem, que quando o governo demarca Terra Ind\u00edgena, ele est\u00e1 protegendo o meio ambiente.<\/p>\n<\/div>\n<hr \/>\n<p>External Link<\/p>\n<div class=\"vlp-link-container vlp-layout-azimuth-2\"><a href=\"https:\/\/www.brasildefato.com.br\/2024\/04\/26\/sempre-estivemos-aqui-povos-indigenas-divulgam-declaracao-final-do-acampamento-terra-livre-2024\" class=\"vlp-link\" title=\"&#039;Sempre estivemos aqui!&#039;: povos ind\u00edgenas divulgam | Direitos Humanos\" rel=\"nofollow\" target=\"_blank\"><\/a><div class=\"vlp-layout-zone-side\"><div class=\"vlp-block-3 vlp-link-image\"><img class=\"lazyload\" decoding=\"async\" src=\"data:image\/gif;base64,R0lGODlhAQABAAAAACH5BAEKAAEALAAAAAABAAEAAAICTAEAOw==\" data-orig-src=\"https:\/\/assets.brasildefato.com.br\/2024\/09\/image_processing20240426-2964084-rxxxt3.webp\" style=\"max-width: 150px; max-height: 150px\" \/><\/div><\/div><div class=\"vlp-layout-zone-main\"><h3 class=\"vlp-block-0 vlp-link-title\">'Sempre estivemos aqui!': povos ind\u00edgenas divulgam | Direitos Humanos<\/h3><div class=\"vlp-block-1 vlp-link-summary\">Mensagem marca \u00fatlimo dia de evento que reuniu cerca de 9 mil pessoas de mais de 200 povos em Bras\u00edlia<br \/>\nhttps:\/\/www.brasildefato.com.br\/2024\/04\/26\/sempre-estivemos-aqui-povos-indigenas-divulgam-declaracao-final-do-acampamento-terra-livre-2024<\/div><div class=\"vlp-block-2 vlp-link-url\">https:\/\/www.brasildefato.com.br\/2024\/04\/26\/sempre-estivemos-aqui-povos-indigenas-divulgam-declaracao-final-do-acampamento-terra-livre-2024<\/div><\/div><\/div>\n<hr \/>\n<div class=\"ebd-block \" data-type=\"text\">\n<p>N\u00f3s come\u00e7\u00e1mos a compartilhar uns com os outros. N\u00f3s temos, no n\u00edvel local, regional, nacional, e at\u00e9 Internacional, reuni\u00f5es Ind\u00edgenas, assembleias Ind\u00edgenas. Cri\u00e1mos muitas organiza\u00e7\u00f5es. Organiza\u00e7\u00f5es regionais, como a APOINME, que \u00e9 a Associa\u00e7\u00e3o dos Povos Ind\u00edgenas do Nordeste, a Associa\u00e7\u00e3o dos Povos Ind\u00edgenas da Conca Amaz\u00f4nica, a Associa\u00e7\u00e3o dos Povos Ind\u00edgenas do Pantanal, do Cerrado, de cada bioma.<\/p>\n<p>Ent\u00e3o, esse movimento, ele vem com muita for\u00e7a, de baixo para cima. E ele assume um aspecto nacional. N\u00e3o somente organiza\u00e7\u00f5es locais e regionais, lutando pelos seus direitos.\u00a0Quando a gente percebe que a mudan\u00e7a de governos &#8211; de esquerda, de direita, de centro, n\u00e3o importa &#8211; n\u00e3o estava resolvendo nada para os Povos Ind\u00edgenas: &#8220;Espera a\u00ed, os governos est\u00e3o resolvendo o problema da fome, o problema de moderniza\u00e7\u00e3o, o problema de industrializa\u00e7\u00e3o, de educa\u00e7\u00e3o deles. Mas as nossas demandas n\u00e3o est\u00e3o sendo atendidas&#8221;.<\/p>\n<p>E o pior de tudo, elas est\u00e3o sendo, na verdade, atacadas, por novos conglomerados pol\u00edticos. Voc\u00ea deve conhecer o que se chama no Brasil &#8220;a bancada dos 3 B&#8221;. B\u00edblia, bala e boi. Que s\u00e3o fundamentalistas crist\u00e3os. N\u00e3o vou dizer que s\u00e3o todos os crist\u00e3os, porque temos crist\u00e3os que s\u00e3o aliados. O &#8220;boi&#8221;, que s\u00e3o o pessoal do agrobusiness, da ind\u00fastria do agro. E tamb\u00e9m do pessoal da &#8220;bala&#8221;, o pessoal dos militares. O pessoal que tem uma for\u00e7a pol\u00edtica muito grande no Brasil.<\/p>\n<p>Ent\u00e3o, eles se aliaram e propuseram interpreta\u00e7\u00f5es \u00e0 Constitui\u00e7\u00e3o de &#8217;88, &#8211;\u00a0que n\u00e3o \u00e9 somente imoral, mas at\u00e9 mesmo j\u00e1 declarada pela Suprema Corte como inconstitucional &#8211;\u00a0o chamado\u00a0Marco Temporal. Que reconhece\u00a0a exist\u00eancia dos Povos Ind\u00edgenas, somente se eles estavam, durante a Constitui\u00e7\u00e3o de &#8217;88, vivendo nos seus pr\u00f3prios territ\u00f3rios. \u00c9\u00a0uma tentativa de apagamento da nossa hist\u00f3ria. Uma\u00a0hist\u00f3ria de remo\u00e7\u00e3o for\u00e7ada, de viol\u00eancia, de esbrulho das nossas terras, de invas\u00e3o.<\/p>\n<\/div>\n<hr \/>\n<p>External Link<\/p>\n<div class=\"vlp-link-container vlp-layout-azimuth-2\"><a href=\"https:\/\/www12.senado.leg.br\/noticias\/materias\/2023\/12\/14\/congresso-derruba-veto-ao-marco-temporal-para-terras-indigenas\" class=\"vlp-link\" title=\"Congresso derruba veto ao marco temporal para terras ind\u00edgenas\" rel=\"nofollow\" target=\"_blank\"><\/a><div class=\"vlp-layout-zone-side\"><div class=\"vlp-block-3 vlp-link-image\"><img decoding=\"async\" style=\"max-width: 150px;\" width=\"150\" height=\"113\" src=\"https:\/\/azimuthworldfoundation.org\/wp-content\/uploads\/2024\/07\/0.jpg\" class=\"attachment-150x999 size-150x999 lazyload\" alt=\"\" srcset=\"data:image\/svg+xml,%3Csvg%20xmlns%3D%27http%3A%2F%2Fwww.w3.org%2F2000%2Fsvg%27%20width%3D%27480%27%20height%3D%27360%27%20viewBox%3D%270%200%20480%20360%27%3E%3Crect%20width%3D%27480%27%20height%3D%27360%27%20fill-opacity%3D%220%22%2F%3E%3C%2Fsvg%3E\" data-orig-src=\"https:\/\/azimuthworldfoundation.org\/wp-content\/uploads\/2024\/07\/0.jpg\" data-srcset=\"https:\/\/azimuthworldfoundation.org\/wp-content\/uploads\/2024\/07\/0-200x150.jpg 200w, https:\/\/azimuthworldfoundation.org\/wp-content\/uploads\/2024\/07\/0-300x225.jpg 300w, https:\/\/azimuthworldfoundation.org\/wp-content\/uploads\/2024\/07\/0-400x300.jpg 400w, https:\/\/azimuthworldfoundation.org\/wp-content\/uploads\/2024\/07\/0.jpg 480w\" data-sizes=\"auto\" \/><\/div><\/div><div class=\"vlp-layout-zone-main\"><h3 class=\"vlp-block-0 vlp-link-title\">Congresso derruba veto ao marco temporal para terras ind\u00edgenas<\/h3><div class=\"vlp-block-1 vlp-link-summary\">https:\/\/www12.senado.leg.br\/noticias\/materias\/2023\/12\/14\/congresso-derruba-veto-ao-marco-temporal-para-terras-indigenas<\/div><div class=\"vlp-block-2 vlp-link-url\">https:\/\/www12.senado.leg.br\/noticias\/materias\/2023\/12\/14\/congresso-derruba-veto-ao-marco-temporal-para-terras-indigenas<\/div><\/div><\/div>\n<hr \/>\n<div class=\"ebd-block \" data-type=\"text\">\n<p>\u00c9 uma interpreta\u00e7\u00e3o muito perigosa, que ainda est\u00e1 tramitando l\u00e1. Ela transfere para o setor privado o direito \u00e0 terra tradicional. Ent\u00e3o, n\u00e3o s\u00e3o as comunidades tradicionais que t\u00eam esse direito, mas o setor privado. O setor privado \u00e9 respons\u00e1vel 100% pela desfloresta\u00e7\u00e3o, minera\u00e7\u00e3o, queimas e uma s\u00e9rie de outros problemas, de impactos ambientais ser\u00edssimos no Brasil. E que impacta tamb\u00e9m a comunidade aqui, na Europa.<\/p>\n<p>Se voc\u00ea tra\u00e7a a cadeia de produtos que s\u00e3o produzidos no Brasil, e s\u00e3o vendidos aqui, na Europa, voc\u00ea v\u00ea: agrot\u00f3xicos que s\u00e3o proibidos aqui, s\u00e3o usados l\u00e1, para vender alimento aqui. Alimento, e produtos minerais, e outras mat\u00e9rias primas que s\u00e3o produzidas l\u00e1, que s\u00e3o produzidos em terras desflorestadas, em terras destru\u00eddas, em florestas destru\u00eddas, queimadas, rios contaminados, s\u00e3o vendidos na Europa.<\/p>\n<p>Ent\u00e3o, a gente foi nesse movimento, da base para cima. No sentido de que &#8220;cima&#8221; \u00e9 quando a gente vai fazer defesa dos nossos direitos na corte nacional, na corte internacional, no governo federal, na c\u00e2mara. E a gente v\u00ea uma participa\u00e7\u00e3o pol\u00edtica enorme dos Povos Ind\u00edgenas.<\/p>\n<p>Muitos percebendo que n\u00e3o adianta s\u00f3 ir na porta da corte. A gente precisa ser parte da corte. N\u00e3o adianta convencer pol\u00edticos. A gente tem que ser pol\u00edtico, tamb\u00e9m. N\u00e3o adianta a gente tentar fazer um lobby no Minist\u00e9rio. A gente precisa ter o nosso Minist\u00e9rio, tamb\u00e9m. Ent\u00e3o, esse movimento alcan\u00e7ou essa propor\u00e7\u00e3o. E hoje, no Brasil, apesar de todos os aspectos limitantes, n\u00f3s somos talvez o \u00fanico pa\u00eds do mundo que tem um Minist\u00e9rio de Estado para os Povos Ind\u00edgenas, liderado por uma l\u00edder Ind\u00edgena, que \u00e9 a S\u00f4nia Guajajara.<\/p>\n<\/div>\n<hr \/>\n<p>External Link<\/p>\n<div class=\"vlp-link-container vlp-layout-azimuth-2\"><a href=\"https:\/\/news.un.org\/pt\/story\/2024\/04\/1830516\" class=\"vlp-link\" title=\"Brasil aposta na \u201cdiplomacia ind\u00edgena\u201d para a COP30 | ONU News\" rel=\"nofollow\" target=\"_blank\"><\/a><div class=\"vlp-layout-zone-side\"><div class=\"vlp-block-3 vlp-link-image\"><img class=\"lazyload\" decoding=\"async\" src=\"data:image\/gif;base64,R0lGODlhAQABAAAAACH5BAEKAAEALAAAAAABAAEAAAICTAEAOw==\" data-orig-src=\"https:\/\/global.unitednations.entermediadb.net\/assets\/mediadb\/services\/module\/asset\/downloads\/preset\/Libraries\/Production%20Library\/15-04-2024-UN-Photo-Indigenous-Forum-05.jpg\/image770x420cropped.jpg\" style=\"max-width: 150px; max-height: 150px\" \/><\/div><\/div><div class=\"vlp-layout-zone-main\"><h3 class=\"vlp-block-0 vlp-link-title\">Brasil aposta na \u201cdiplomacia ind\u00edgena\u201d para a COP30 | ONU News<\/h3><div class=\"vlp-block-1 vlp-link-summary\">https:\/\/news.un.org\/pt\/story\/2024\/04\/1830516<\/div><div class=\"vlp-block-2 vlp-link-url\">https:\/\/news.un.org\/pt\/story\/2024\/04\/1830516<\/div><\/div><\/div>\n<hr \/>\n<div class=\"ebd-block \" data-type=\"text\">\n<p><strong data-redactor-tag=\"strong\" data-verified=\"redactor\"><span style=\"color: #e44a4a;\" data-redactor-tag=\"span\" data-verified=\"redactor\" data-redactor-style=\"color: #E44A4A\">MARIANA MARQUES<\/span><\/strong><\/p>\n<p><em data-redactor-tag=\"em\" data-verified=\"redactor\">As tecnologias t\u00eam contribu\u00eddo para que os jovens das diferentes comunidades Ind\u00edgenas possam estar neste processo da luta pol\u00edtica pelos direitos dos Povos Ind\u00edgenas? E como \u00e9 que\u00a0a arte Ind\u00edgena, incluindo a literatura, ajudam no fortalecimento do\u00a0movimento Ind\u00edgena no Brasil?<\/em><\/p>\n<p><strong data-redactor-tag=\"strong\" data-verified=\"redactor\"><span style=\"color: #e44a4a;\" data-redactor-tag=\"span\" data-verified=\"redactor\" data-redactor-style=\"color: #E44A4A\">EDSON KRENAK<\/span><\/strong><\/p>\n<p>A gente costuma dizer que o cora\u00e7\u00e3o da comunidade Ind\u00edgena, do povo Ind\u00edgena, \u00e9 o territ\u00f3rio e a l\u00edngua. A l\u00edngua, como todas as l\u00ednguas do mundo, ela traz em si a hist\u00f3ria. Mas a l\u00edngua tamb\u00e9m \u00e9 uma forma de tecnologia, tecnologia de comunica\u00e7\u00e3o. E os muitos dos nossos povos, eles t\u00eam v\u00e1rias tecnologias para se comunicar uns com os outros. E tamb\u00e9m tecnologias relacionadas com a comida, tecnologias relacionadas com o bem viver, que \u00e9 esse estilo de vida que n\u00e3o prejudica o meio ambiente.<\/p>\n<p>E a gente percebeu que para falar com o homem moderno, com o homem de hoje, para falar com as comunidades de hoje, para falar\u00a0com a comunidade n\u00e3o-Ind\u00edgena, \u00e9 importante usar outras tecnologias tamb\u00e9m. Muita gente pensa que quando Povos Ind\u00edgenas usam tecnologias electr\u00f3nicas, por exemplo, eles est\u00e3o deixando de ser Ind\u00edgenas. Mas isso \u00e9 uma ignor\u00e2ncia. N\u00e3o \u00e9 porque uma pessoa usa uma roupa ou fala uma lingua Ind\u00edgena que essa pessoa vai ser Ind\u00edgena. Da mesma forma, o contr\u00e1rio. Ent\u00e3o, n\u00f3s usamos as tecnologias para o bem comum da comunidade, e para tamb\u00e9m fortalecer a nossa luta, fazer com que o outro nos compreenda.<\/p>\n<p>Porque desde tempos imemoriais, n\u00f3s temos, por exemplo, os xam\u00e3s ou os paj\u00e9s, como chamamos no Brasil. Eles faziam v\u00e1rias viagens diplom\u00e1ticas, aprendiam outras l\u00ednguas. Muitas comunidades sempre falaram 4, 5 outros idiomas. Era uma forma de aprender outras tecnologias, outras inova\u00e7\u00f5es, outras ideias. E\u00a0tamb\u00e9m de\u00a0evitar a guerra, ou de criar novas formas de rela\u00e7\u00f5es na floresta.<\/p>\n<p>Ent\u00e3o, a l\u00edngua \u00e9 muito importante. As tecnologias, elas t\u00eam um papel fundamental, de ampliar a nossa voz. Porque agora n\u00f3s n\u00e3o precisamos mais da tecnologia do papel, do livro, que o homem branco sempre usou para\u00a0publicar\u00a0a nosso respeito. Hoje, n\u00f3s podemos publicar livros a nosso respeito. Hoje, n\u00f3s podemos usar tecnologias a nosso respeito. N\u00f3s podemos estar aqui, junto com voc\u00ea, usando essa tecnologia para ampliar a nossa voz, fortalecer o nosso trabalho.<\/p>\n<p>O desafio dos jovens, hoje, \u00e9 abra\u00e7ar essas tecnologias, sem abandonar o conhecimento tradicional, sem abandonar as comunidades.<\/p>\n<\/div>\n<hr \/>\n<p>External Link<\/p>\n<div class=\"vlp-link-container vlp-layout-azimuth-2\"><a href=\"https:\/\/agenciabrasil.ebc.com.br\/geral\/noticia\/2021-04\/indigenas-usam-tecnologias-para-manter-lingua-e-cultura-vivas\" class=\"vlp-link\" title=\"Ind\u00edgenas usam tecnologias para manter l\u00edngua e cultura vivas | Ag\u00eancia Brasil\" rel=\"nofollow\" target=\"_blank\"><\/a><div class=\"vlp-layout-zone-side\"><div class=\"vlp-block-3 vlp-link-image\"><img class=\"lazyload\" decoding=\"async\" src=\"data:image\/gif;base64,R0lGODlhAQABAAAAACH5BAEKAAEALAAAAAABAAEAAAICTAEAOw==\" data-orig-src=\"https:\/\/imagens.ebc.com.br\/uDspIs_Spjv-SmcB2qY2u0enOzo=\/1600x800\/https:\/\/agenciabrasil.ebc.com.br\/sites\/default\/files\/atoms\/image\/1073209-agpara_abr_19.04.2017-0067_1.jpg?itok=vohO8Zry\" style=\"max-width: 150px; max-height: 150px\" \/><\/div><\/div><div class=\"vlp-layout-zone-main\"><h3 class=\"vlp-block-0 vlp-link-title\">Ind\u00edgenas usam tecnologias para manter l\u00edngua e cultura vivas | Ag\u00eancia Brasil<\/h3><div class=\"vlp-block-1 vlp-link-summary\">https:\/\/agenciabrasil.ebc.com.br\/geral\/noticia\/2021-04\/indigenas-usam-tecnologias-para-manter-lingua-e-cultura-vivas<\/div><div class=\"vlp-block-2 vlp-link-url\">https:\/\/agenciabrasil.ebc.com.br\/geral\/noticia\/2021-04\/indigenas-usam-tecnologias-para-manter-lingua-e-cultura-vivas<\/div><\/div><\/div>\n<hr \/>\n<div class=\"ebd-block \" data-type=\"text\">\n<p><strong data-redactor-tag=\"strong\" data-verified=\"redactor\"><span style=\"color: #e44a4a;\" data-redactor-tag=\"span\" data-verified=\"redactor\" data-redactor-style=\"color: #E44A4A\">MARIANA MARQUES<\/span><\/strong><\/p>\n<p><em data-redactor-tag=\"em\" data-verified=\"redactor\">Depois da enorme viol\u00eancia e impunidade que marcaram a governa\u00e7\u00e3o de Jair Bolsonaro, a elei\u00e7\u00e3o do Lula foi vista como uma fonte de esperan\u00e7a na luta pela defesa dos direitos dos Povos Ind\u00edgenas no Brasil.<\/em><\/p>\n<p><em data-redactor-tag=\"em\" data-verified=\"redactor\">A cria\u00e7\u00e3o do Minist\u00e9rio dos Povos Ind\u00edgenas\u00a0e\u00a0a lideran\u00e7a Ind\u00edgena da Funai\u00a0foram indiscutivelmente\u00a0passos\u00a0positivos, mas\u00a0continuamos a assistir a in\u00fameras situa\u00e7\u00f5es que negam esta narrativa de melhoramento. Como \u00e9 que\u00a0caracteriza o momento presente que atravessam as comunidades Ind\u00edgenas no Brasil?<\/em><\/p>\n<p><strong data-redactor-tag=\"strong\" data-verified=\"redactor\"><span style=\"color: #e44a4a;\" data-redactor-tag=\"span\" data-verified=\"redactor\" data-redactor-style=\"color: #E44A4A\">EDSON KRENAK<\/span><\/strong><\/p>\n<p>\u00c9\u00a0dif\u00edcil faz\u00ea-lo. \u00c9\u00a0uma pergunta complexa e muito importante. A gente precisa respond\u00ea-la quase todos os dias.<\/p>\n<p>Porque se voc\u00ea l\u00ea a nossa legisla\u00e7\u00e3o, e como o Brasil est\u00e1 implementando, ou est\u00e1 incorporando, mecanismos internacionais de prote\u00e7\u00e3o dos Povos Ind\u00edgenas e outras comunidades tradicionais, \u00e9 muito bonito. Mas a\u00ed, a gente percebe que a lei, a justi\u00e7a, tem um limite. E o limite dela \u00e9 o limite pol\u00edtico. E \u00e9 por isso que n\u00e3o adianta ter leis fortes, se a vontade pol\u00edtica n\u00e3o \u00e9 forte.<\/p>\n<p>Ent\u00e3o, o grande desafio do Minist\u00e9rio dos Povos Ind\u00edgenas do Brasil \u00e9 convencer a vontade pol\u00edtica do Brasil. \u00c9 conscientizar essa vontade pol\u00edtica &#8211; o grande setor da comunidade brasileira que votou, e aprovou, e apoiou, e ainda apoia Bolsonaro &#8211; a respeito das nossas demandas, a respeito das nossas preocupa\u00e7\u00f5es.<\/p>\n<p>Os 4 anos de Bolsonaro, eles n\u00e3o v\u00eam sozinhos. Antes do Bolsonaro &#8211; 2, 3 anos antes &#8211; a Dilma Rousseff tinha sofrido o impeachment. E n\u00f3s tivemos um governo de transi\u00e7\u00e3o do Michel Temer, que preparou o caminho para o Bolsonaro. O Brasil foi em 2, 3 anos, de campe\u00e3o do meio ambiente, para um dos piores n\u00fameros de prote\u00e7\u00e3o do meio ambiente no mundo, durante o governo do Temer e do Bolsonaro. Eles desmantelaram todas essas estruturas de prote\u00e7\u00e3o do meio ambiente e dos Povos Ind\u00edgenas.<\/p>\n<\/div>\n<hr \/>\n<p>External Link<\/p>\n<div class=\"vlp-link-container vlp-layout-azimuth-2\"><a href=\"https:\/\/sicnoticias.pt\/mundo\/2023-01-25-Policia-investiga-se-negligencia-de-Bolsonaro-provocou-genocidio-de-indigenas-0be55cb8\" class=\"vlp-link\" title=\"Pol\u00edcia investiga se neglig\u00eancia de Bolsonaro provocou genoc\u00eddio de ind\u00edgenas - SIC Not\u00edcias\" rel=\"nofollow\" target=\"_blank\"><\/a><div class=\"vlp-layout-zone-side\"><div class=\"vlp-block-3 vlp-link-image\"><img class=\"lazyload\" decoding=\"async\" src=\"data:image\/gif;base64,R0lGODlhAQABAAAAACH5BAEKAAEALAAAAAABAAEAAAICTAEAOw==\" data-orig-src=\"https:\/\/images.impresa.pt\/sicnot\/2021-08-26-Manifestacao-Indigenas-Brasil.JPG-591da569-1\/1.91x1?wm=true&amp;outputFormat=jpeg\" style=\"max-width: 150px; max-height: 150px\" \/><\/div><\/div><div class=\"vlp-layout-zone-main\"><h3 class=\"vlp-block-0 vlp-link-title\">Pol\u00edcia investiga se neglig\u00eancia de Bolsonaro provocou genoc\u00eddio de ind\u00edgenas - SIC Not\u00edcias<\/h3><div class=\"vlp-block-1 vlp-link-summary\">https:\/\/sicnoticias.pt\/mundo\/2023-01-25-Policia-investiga-se-negligencia-de-Bolsonaro-provocou-genocidio-de-indigenas-0be55cb8<\/div><div class=\"vlp-block-2 vlp-link-url\">https:\/\/sicnoticias.pt\/mundo\/2023-01-25-Policia-investiga-se-negligencia-de-Bolsonaro-provocou-genocidio-de-indigenas-0be55cb8<\/div><\/div><\/div>\n<hr \/>\n<div class=\"ebd-block \" data-type=\"text\">\n<p>E hoje, o governo Lula, ele come\u00e7ou uma trajet\u00f3ria que, segundo ele, segundo o governo, \u00e9 de primeiro refazer essas estruturas, para que realmente possam fazer o seu trabalho. Nossa cr\u00edtica \u00e9 que est\u00e1 muito devagar. O objetivo n\u00famero um do Presidente da Rep\u00fablica, segundo a Constitui\u00e7\u00e3o do Brasil, \u00e9 demarcar Terras Ind\u00edgenas. E agora, mais de 2 anos depois do governo, ele demarcou somente 6. E tem 14, com todos os crit\u00e9rios para a demarca\u00e7\u00e3o de Terras Ind\u00edgenas j\u00e1 preenchidos, j\u00e1 completos. Est\u00e3o l\u00e1 na mesa dele, esperando s\u00f3 para ele assinar, e ele n\u00e3o est\u00e1 assinando. Ningu\u00e9m sabe porqu\u00ea.<\/p>\n<p>O Minist\u00e9rio n\u00e3o tem ainda for\u00e7a pol\u00edtica para for\u00e7ar o Presidente, pressionar o Presidente para fazer isso. Al\u00e9m disso, o Minist\u00e9rio tem outro desafio, que \u00e9 or\u00e7amento. Ent\u00e3o, esse \u00e9 o problema de muitos pol\u00edticos, e do Lula tamb\u00e9m. \u00c9 mais bonita a fotografia, do que o trabalho mesmo a ser feito. Ele ficou muito bonito na fotografia com os Povos Ind\u00edgenas. O mundo inteiro aplaudiu. Mas na hora de realmente criar um Minist\u00e9rio que tenha poder de decis\u00e3o, e tenha poder de opera\u00e7\u00e3o, est\u00e1 ainda devendo para os Povos Ind\u00edgenas.<\/p>\n<\/div>\n<hr \/>\n<p>External Link<\/p>\n<div class=\"vlp-link-container vlp-layout-azimuth-2\"><a href=\"https:\/\/apiboficial.org\/2024\/04\/20\/473-dias-de-governo-e-promessas-sobre-demarcacoes-de-lula-continuam-pendentes\/\" class=\"vlp-link\" title=\"473 dias de Governo, e promessas sobre demarca\u00e7\u00f5es de Lula continuam pendentes |APIB\" rel=\"nofollow\" target=\"_blank\"><\/a><div class=\"vlp-layout-zone-side\"><div class=\"vlp-block-3 vlp-link-image\"><img class=\"lazyload\" decoding=\"async\" src=\"data:image\/gif;base64,R0lGODlhAQABAAAAACH5BAEKAAEALAAAAAABAAEAAAICTAEAOw==\" data-orig-src=\"https:\/\/apiboficial.org\/files\/2024\/04\/lula-andre-borges-efe-9-1-1280x720.jpg\" style=\"max-width: 150px; max-height: 150px\" \/><\/div><\/div><div class=\"vlp-layout-zone-main\"><h3 class=\"vlp-block-0 vlp-link-title\">473 dias de Governo, e promessas sobre demarca\u00e7\u00f5es de Lula continuam pendentes |APIB<\/h3><div class=\"vlp-block-1 vlp-link-summary\">https:\/\/apiboficial.org\/2024\/04\/20\/473-dias-de-governo-e-promessas-sobre-demarcacoes-de-lula-continuam-pendentes\/<\/div><div class=\"vlp-block-2 vlp-link-url\">https:\/\/apiboficial.org\/2024\/04\/20\/473-dias-de-governo-e-promessas-sobre-demarcacoes-de-lula-continuam-pendentes\/<\/div><\/div><\/div>\n<hr \/>\n<div class=\"ebd-block \" data-type=\"text\">\n<p>Por exemplo, o povo Ianom\u00e2mi, que vive numa \u00e1rea que \u00e9 maior que o pa\u00eds de Portugal. Eles s\u00e3o mais ou menos 30.000 pessoas. Eles vivem protegendo essa floresta enorme, cheia de vida, de biodiversidade.<\/p>\n<p>E eles sofreram, durante o governo Bolsonaro, uma invas\u00e3o de 20.000 grileiros, mineradores, garimpeiros ilegais. Imagina, uma popula\u00e7\u00e3o de 30.000 tem que enfrentar 20.000 garimpeiros. E eles v\u00eam trazendo avi\u00f5es pequenos, monomotores. Eles v\u00eam construindo pistas de pouso ilegais. Eles v\u00eam trazendo droga, v\u00eam trazendo prostitui\u00e7\u00e3o, v\u00eam trazendo armas, v\u00eam trazendo doen\u00e7as, que os povos da\u00ed n\u00e3o conhecem.<\/p>\n<p>Ent\u00e3o, em muitas comunidades, voc\u00ea vai ver l\u00e1, tem hist\u00f3rias horr\u00edveis. T\u00e3o horr\u00edveis. De estupro, de viol\u00eancia contra\u00a0mulheres e\u00a0crian\u00e7as Ind\u00edgenas. Eles est\u00e3o numa mata do tamanho de Portugal, e \u00e9 muito dif\u00edcil tirar os invasores\u00a0de l\u00e1. Uma grande parte j\u00e1 saiu. Mas o governo precisa de recursos, para manter a\u00a0seguran\u00e7a.<\/p>\n<p>E o povo Guarani,\u00a0no centro-oeste do Brasil, eles est\u00e3o cercados por essa\u00a0agricultura industrial, que n\u00e3o quer ceder 1 mil\u00edmetro, para que eles possam viver. E que \u00e9\u00a0respons\u00e1vel\u00a0por uma s\u00e9rie de crimes ambientais, crimes contra a pessoa Ind\u00edgena, contra o patrim\u00f4nio Ind\u00edgena. Ent\u00e3o, para resolver esse problema, o Minist\u00e9rio dos Povos Ind\u00edgenas\u00a0precisa de apoio da popula\u00e7\u00e3o do Brasil. Precisa de mais for\u00e7a pol\u00edtica e de recursos. E \u00e9 muito dif\u00edcil.<\/p>\n<p>A gente nunca teve um Minist\u00e9rio. A gente nunca teve uma presen\u00e7a pol\u00edtica t\u00e3o forte como agora, em 500 anos de hist\u00f3ria. E n\u00f3s s\u00f3 temos 2 anos de Minist\u00e9rio. Ent\u00e3o,\u00a0muitos que escrevem sobre isso, e at\u00e9 eu mesmo, a gente precisa ser um pouco paciente. S\u00e3o somente 2 anos de Minist\u00e9rio, em 500 anos de devasta\u00e7\u00e3o, 500 anos de viol\u00eancia.<\/p>\n<p>Voc\u00ea usou uma palavra, &#8220;esperan\u00e7a&#8221;. Uma palavra que \u00e9 muito nova, para os Povos Ind\u00edgenas. Muitos de n\u00f3s desconhecemos essa palavra, &#8220;esperan\u00e7a&#8221;. Porque n\u00f3s n\u00e3o precis\u00e1vamos dela. Hoje, a gente precisa dessa palavra, porque a gente vive em contextos de viol\u00eancia. A nossa esperan\u00e7a, ela vai em dire\u00e7\u00e3o ao passado. A gente quer voltar a como n\u00f3s est\u00e1vamos antes, em harmonia com o meio ambiente, desenvolvendo nossas vidas, nossas maneiras de ser, de produzir, de viver. Porque aquilo trazia paz\u00a0para a gente. Ent\u00e3o, o que a gente quer \u00e9 paz, \u00e9 seguran\u00e7a. Como n\u00f3s viv\u00edamos antes.<\/p>\n<p>\u00c9 uma posi\u00e7\u00e3o um pouco ambivalente. Por um lado, a gente precisa pressionar os pol\u00edticos. E por outro lado, a gente precisa usar bem os benef\u00edcios dessa visibilidade que a gente nunca teve antes.<\/p>\n<\/div>\n<hr \/>\n<p>External Link<\/p>\n<div class=\"vlp-link-container vlp-layout-azimuth-2\"><a href=\"https:\/\/www.folhabv.com.br\/cotidiano\/desnutricao-ataques-e-garimpo-ilegal-retrospectiva-da-crise-yanomami\/\" class=\"vlp-link\" title=\"Desnutri\u00e7\u00e3o, ataques e garimpo ilegal: Retrospectiva da Crise Yanomami - Folha BV\" rel=\"nofollow\" target=\"_blank\"><\/a><div class=\"vlp-layout-zone-side\"><div class=\"vlp-block-3 vlp-link-image\"><img class=\"lazyload\" decoding=\"async\" src=\"data:image\/gif;base64,R0lGODlhAQABAAAAACH5BAEKAAEALAAAAAABAAEAAAICTAEAOw==\" data-orig-src=\"https:\/\/uploads.folhabv.com.br\/wp-content\/uploads\/2023\/01\/noti-1675006553-1.jpg\" style=\"max-width: 150px; max-height: 150px\" \/><\/div><\/div><div class=\"vlp-layout-zone-main\"><h3 class=\"vlp-block-0 vlp-link-title\">Desnutri\u00e7\u00e3o, ataques e garimpo ilegal: Retrospectiva da Crise Yanomami - Folha BV<\/h3><div class=\"vlp-block-1 vlp-link-summary\">Neste ano, os olhos do mundo se voltaram \u00e0 Roraima. Uma crise humanit\u00e1ria, denunciada por um portal nacional, revelou a realidade vivida pelos ind\u00edgenas<br \/>\nhttps:\/\/www.folhabv.com.br\/cotidiano\/desnutricao-ataques-e-garimpo-ilegal-retrospectiva-da-crise-yanomami\/<\/div><div class=\"vlp-block-2 vlp-link-url\">https:\/\/www.folhabv.com.br\/cotidiano\/desnutricao-ataques-e-garimpo-ilegal-retrospectiva-da-crise-yanomami\/<\/div><\/div><\/div>\n<hr \/>\n<div class=\"ebd-block \" data-type=\"text\">\n<p><strong data-redactor-tag=\"strong\" data-verified=\"redactor\"><span style=\"color: #e44a4a;\" data-redactor-tag=\"span\" data-verified=\"redactor\" data-redactor-style=\"color: #E44A4A\">MARIANA MARQUES<\/span><\/strong><\/p>\n<p><em data-redactor-tag=\"em\" data-verified=\"redactor\">Enquanto membro da Cultural Survival, tem tido a oportunidade de acompanhar de\u00a0muito perto o trabalho extraordin\u00e1rio que organiza\u00e7\u00f5es comunit\u00e1rias Ind\u00edgenas fazem diariamente para proteger os seus territ\u00f3rios e o ambiente.<\/em><\/p>\n<p><em data-redactor-tag=\"em\" data-verified=\"redactor\">O que \u00e9 que torna \u00fanicos os projetos liderados pelas comunidades Ind\u00edgenas? E porque \u00e9 que \u00e9 t\u00e3o fulcral garantir que h\u00e1 recursos e fundos, como o Keepers of the Earth, destinados a apoiar exclusivamente este tipo de projetos e organiza\u00e7\u00f5es de base?<\/em><\/p>\n<p><strong data-redactor-tag=\"strong\" data-verified=\"redactor\"><span style=\"color: #e44a4a;\" data-redactor-tag=\"span\" data-verified=\"redactor\" data-redactor-style=\"color: #E44A4A\">EDSON KRENAK<\/span><\/strong><\/p>\n<p>O trabalho das comunidades Ind\u00edgenas, ele tem v\u00e1rios aspectos\u00a0que tornam esses projetos important\u00edssimos.<\/p>\n<p>Primeiro, \u00e9 um exerc\u00edcio da autodetermina\u00e7\u00e3o, da auto-governan\u00e7a. \u00c9 um exerc\u00edcio em full, de todos os seus direitos. Direitos de viver independentes, em liberdade, vivendo como eles querem.<\/p>\n<p>E, segundo, esses projetos, eles fortalecem comunidades que estavam em extin\u00e7\u00e3o, vulner\u00e1veis. Que estavam sob a amea\u00e7a de genoc\u00eddio, de ecoc\u00eddio. \u00c9 um projeto de, n\u00e3o vou chamar de ressurrei\u00e7\u00e3o, mas de realmente rejuvenescimento dessas comunidades. \u00c9 um exemplo para o mundo, de como comunidades t\u00e3o vulner\u00e1veis t\u00eam capacidade de resist\u00eancia, de resili\u00eancia, de desenvolver esses projetos.<\/p>\n<p>E o terceiro ponto, ou raz\u00e3o, \u00e9 porque n\u00f3s estamos vivendo uma crise clim\u00e1tica sem precedentes. E n\u00f3s j\u00e1 estamos no ponto de dizer: &#8220;J\u00e1 \u00e9 tarde demais para prevenir&#8221;. Se voc\u00ea l\u00ea os jornais, cada semana tem um desastre relacionado com a mudan\u00e7a clim\u00e1tica, com o aquecimento global, acontecendo no mundo. Isso mostra uma crise enorme. E a crise \u00e9 causada por essa maneira extrativista, destruidora, como a gente desenvolve a nossa vida no planeta.<\/p>\n<\/div>\n<hr \/>\n<p>External Link<\/p>\n<div class=\"vlp-link-container vlp-layout-azimuth-2\"><a href=\"https:\/\/www.brasildefato.com.br\/2024\/05\/06\/cheias-atingem-80-comunidades-indigenas-no-rio-grande-do-sul-veja-como-doar\" class=\"vlp-link\" title=\"Cheias atingem 80 comunidades ind\u00edgenas no Rio Grande do Sul | Geral\" rel=\"nofollow\" target=\"_blank\"><\/a><div class=\"vlp-layout-zone-side\"><div class=\"vlp-block-3 vlp-link-image\"><img class=\"lazyload\" decoding=\"async\" src=\"data:image\/gif;base64,R0lGODlhAQABAAAAACH5BAEKAAEALAAAAAABAAEAAAICTAEAOw==\" data-orig-src=\"https:\/\/assets.brasildefato.com.br\/2024\/09\/image_processing20240506-3695914-9suzr.webp\" style=\"max-width: 150px; max-height: 150px\" \/><\/div><\/div><div class=\"vlp-layout-zone-main\"><h3 class=\"vlp-block-0 vlp-link-title\">Cheias atingem 80 comunidades ind\u00edgenas no Rio Grande do Sul | Geral<\/h3><div class=\"vlp-block-1 vlp-link-summary\">Funai estima 466 fam\u00edlias ind\u00edgenas desalojadas; doa\u00e7\u00f5es s\u00e3o recebidas presencialmente ou por Pix<br \/>\nhttps:\/\/www.brasildefato.com.br\/2024\/05\/06\/cheias-atingem-80-comunidades-indigenas-no-rio-grande-do-sul-veja-como-doar<\/div><div class=\"vlp-block-2 vlp-link-url\">https:\/\/www.brasildefato.com.br\/2024\/05\/06\/cheias-atingem-80-comunidades-indigenas-no-rio-grande-do-sul-veja-como-doar<\/div><\/div><\/div>\n<hr \/>\n<div class=\"ebd-block \" data-type=\"text\">\n<p>E os projetos das comunidades Ind\u00edgenas, eles t\u00eam uma mensagem. A mensagem \u00e9: &#8220;Veja, \u00e9 poss\u00edvel desenvolver formas de vida que protejam o planeta, e que protejam a economia local, que protejam as esp\u00e9cies mais vulner\u00e1veis, e que podem\u00a0trazer vida, paz, seguran\u00e7a e\u00a0alegria para as comunidades.&#8221; Porque o futuro \u00e9 comunit\u00e1rio. O futuro \u00e9 ancestral, como a gente diz. S\u00e3o as formas tradicionais de vida comunit\u00e1ria que v\u00e3o realmente salvar o planeta. Se \u00e9 que \u00e9 poss\u00edvel, nesse momento, salvar o planeta. Ou salvar a humanidade.<\/p>\n<p>Porque, na verdade, como o Ailton Krenak gosta de dizer, quem est\u00e1 sob amea\u00e7a \u00e9 a humanidade, com a mudan\u00e7a clim\u00e1tica. O planeta vai continuar. E ele vai ter todas essas mudan\u00e7as, vai se adaptar, vai mudar, vai se transformar. Mas ser\u00e1 que n\u00f3s somos capazes de nos adaptar e de nos transformar t\u00e3o rapidamente? A gente est\u00e1 vendo que n\u00f3s n\u00e3o somos capazes. Com todos esses desastres acontecendo, n\u00e3o somos. Ent\u00e3o, os projetos de comunidades Ind\u00edgenas, eles s\u00e3o muito ricos, porque eles trazem solu\u00e7\u00f5es locais e globais.<\/p>\n<\/div>\n<hr \/>\n<p>External Link<\/p>\n<div class=\"vlp-link-container vlp-layout-azimuth-2\"><a href=\"https:\/\/www.dw.com\/pt-br\/humanidade-vive-div%C3%B3rcio-da-vida-na-terra-diz-ailton-krenak\/a-57015686\" class=\"vlp-link\" title=\"Ailton Krenak: \u201cHumanidade vive div\u00f3rcio da vida na Terra\u201d \u2013 DW\" rel=\"nofollow\" target=\"_blank\"><\/a><div class=\"vlp-layout-zone-side\"><div class=\"vlp-block-3 vlp-link-image\"><img class=\"lazyload\" decoding=\"async\" src=\"data:image\/gif;base64,R0lGODlhAQABAAAAACH5BAEKAAEALAAAAAABAAEAAAICTAEAOw==\" data-orig-src=\"https:\/\/static.dw.com\/image\/57019800_6.jpg\" style=\"max-width: 150px; max-height: 150px\" \/><\/div><\/div><div class=\"vlp-layout-zone-main\"><h3 class=\"vlp-block-0 vlp-link-title\">Ailton Krenak: \u201cHumanidade vive div\u00f3rcio da vida na Terra\u201d \u2013 DW<\/h3><div class=\"vlp-block-1 vlp-link-summary\">https:\/\/www.dw.com\/pt-br\/humanidade-vive-div%C3%B3rcio-da-vida-na-terra-diz-ailton-krenak\/a-57015686<\/div><div class=\"vlp-block-2 vlp-link-url\">https:\/\/www.dw.com\/pt-br\/humanidade-vive-div%C3%B3rcio-da-vida-na-terra-diz-ailton-krenak\/a-57015686<\/div><\/div><\/div>\n<hr \/>\n<div class=\"ebd-block \" data-type=\"text\">\n<p><strong data-redactor-tag=\"strong\" data-verified=\"redactor\"><span style=\"color: #e44a4a;\" data-redactor-tag=\"span\" data-verified=\"redactor\" data-redactor-style=\"color: #E44A4A\">MARIANA MARQUES<\/span><\/strong><\/p>\n<p><em data-redactor-tag=\"em\" data-verified=\"redactor\">H\u00e1 uma importante parte do seu trabalho que passa por dar visibilidade internacional aos Povos Ind\u00edgenas, e por criar alian\u00e7as internacionais que fortale\u00e7am este movimento.<\/em><\/p>\n<p><em data-redactor-tag=\"em\" data-verified=\"redactor\">Pode dizer-se que h\u00e1 cada vez mais pessoas interessadas na luta dos Povos Ind\u00edgenas, e mais aliados, por exemplo na Europa? Haver\u00e1 um reconhecimento cada vez mais profundo sobre o papel que o colonialismo teve e continua a ter nas vidas das\u00a0comunidades Ind\u00edgenas?<\/em><\/p>\n<p><strong data-redactor-tag=\"strong\" data-verified=\"redactor\"><span style=\"color: #e44a4a;\" data-redactor-tag=\"span\" data-verified=\"redactor\" data-redactor-style=\"color: #E44A4A\">EDSON KRENAK<\/span><\/strong><\/p>\n<p>Um aspecto do colonialismo foi a cria\u00e7\u00e3o de leis, de pol\u00edticas p\u00fablicas,\u00a0de\u00a0legisla\u00e7\u00e3o, que pudesse justificar suas a\u00e7\u00f5es. Ent\u00e3o, o que n\u00f3s temos visto na Uni\u00e3o Europeia, por exemplo, e nos blocos de pa\u00edses no n\u00edvel geopol\u00edtico, eles criam muitos mecanismos internacionais, leis internacionais. E parte do nosso trabalho \u00e9 observar essas leis, criticar essas leis, e tentar convencer os nossos aliados, e os pol\u00edticos aqui da Europa, a transformar essas leis.<\/p>\n<p>Eu vou te dar um exemplo bem concreto, que \u00e9 essa nova diretiva da Uni\u00e3o Europeia para a sustentabilidade e neg\u00f3cios, que cuida da quest\u00e3o da cadeia de suprimentos, da cadeia de mat\u00e9rias-primas. N\u00f3s lut\u00e1mos muito para que eles colocassem mecanismos mais fortes de prote\u00e7\u00e3o do meio ambiente, de prote\u00e7\u00e3o para os Povos Ind\u00edgenas. Por exemplo,\u00a0for\u00e7ando\u00a0as empresas que fazem neg\u00f3cios fora da Europa a respeitar o direito das comunidades Ind\u00edgenas\u00a0\u00e0\u00a0Consulta Livre, Pr\u00e9via e Informada.<\/p>\n<p>Porque essas consultas s\u00e3o um mecanismo criado pela legisla\u00e7\u00e3o Internacional. Os Povos Ind\u00edgenas lutaram muito para ter isso, para que as empresas e os estados consultem as comunidades, antes de estabelecer qualquer projeto em suas terras, em seus territ\u00f3rios. Houve muita luta, muito lobby, muita discuss\u00e3o na Uni\u00e3o Europeia, no Conselho Europeu, para que essa consulta n\u00e3o entrasse no texto da legisla\u00e7\u00e3o. Ela \u00e9 mencionada. J\u00e1 \u00e9 um avan\u00e7o? \u00c9 um avan\u00e7o. Mas a gente gostaria de o ter visto nesse texto da diretiva, e tamb\u00e9m no chamado Raw Materials Act, essa nova legisla\u00e7\u00e3o, para que fossem respeitados e\u00a0criados mecanismos mais fortes para proteger os Povos Ind\u00edgenas.<\/p>\n<\/div>\n<hr \/>\n<p>External Link<\/p>\n<div class=\"vlp-link-container vlp-layout-azimuth-2\"><a href=\"https:\/\/www.cnnbrasil.com.br\/economia\/macroeconomia\/entenda-a-lei-europeia-que-proibe-a-importacao-de-produtos-ligados-ao-desmatamento\/\" class=\"vlp-link\" title=\"Entenda a lei europeia que pro\u00edbe a importa\u00e7\u00e3o de produtos ligados ao desmatamento | CNN Brasil\" rel=\"nofollow\" target=\"_blank\"><\/a><div class=\"vlp-layout-zone-side\"><div class=\"vlp-block-3 vlp-link-image\"><img class=\"lazyload\" decoding=\"async\" src=\"data:image\/gif;base64,R0lGODlhAQABAAAAACH5BAEKAAEALAAAAAABAAEAAAICTAEAOw==\" data-orig-src=\"https:\/\/www.cnnbrasil.com.br\/wp-content\/uploads\/sites\/12\/2023\/08\/GettyImages-1318787481.jpg\" style=\"max-width: 150px; max-height: 150px\" \/><\/div><\/div><div class=\"vlp-layout-zone-main\"><h3 class=\"vlp-block-0 vlp-link-title\">Entenda a lei europeia que pro\u00edbe a importa\u00e7\u00e3o de produtos ligados ao desmatamento | CNN Brasil<\/h3><div class=\"vlp-block-1 vlp-link-summary\">Aprovada neste ano, legisla\u00e7\u00e3o exigir\u00e1 documenta\u00e7\u00e3o comprovando que itens como gado, soja e caf\u00e9 foram produzidos sem prejudicar o meio ambiente<br \/>\nhttps:\/\/www.cnnbrasil.com.br\/economia\/macroeconomia\/entenda-a-lei-europeia-que-proibe-a-importacao-de-produtos-ligados-ao-desmatamento\/<\/div><div class=\"vlp-block-2 vlp-link-url\">https:\/\/www.cnnbrasil.com.br\/economia\/macroeconomia\/entenda-a-lei-europeia-que-proibe-a-importacao-de-produtos-ligados-ao-desmatamento\/<\/div><\/div><\/div>\n<hr \/>\n<div class=\"ebd-block \" data-type=\"text\">\n<p>Ent\u00e3o, um trabalho que a gente faz\u00a0\u00e9 tentar convencer, buscar aliados aqui na Europa. Para a gente fortalecer o nosso trabalho de advocacia junto a esses \u00f3rg\u00e3os nacionais e internacionais, aqui na Europa. Mas tamb\u00e9m ir de encontro \u00e0s grandes empresas &#8211; por exemplo, de carros, f\u00e1bricas de carros que compram os min\u00e9rios; A rede de supermercados que compram as frutas; As empresas farmac\u00eauticas que compram os suprimentos que v\u00eam do Brasil, que v\u00eam das comunidades Ind\u00edgenas, dos territ\u00f3rios Ind\u00edgenas &#8211; para que eles possam ter uma due dilligence.<\/p>\n<p>Temos algumas vit\u00f3rias. Pequenas, mas importantes. Porque como que coloca o nosso p\u00e9 na porta, e abre aquela fresta de esperan\u00e7a, de luz. Isso \u00e9 importante. Eu tenho, assim, colecionado algumas experi\u00eancias positivas, otimistas, a respeito de alian\u00e7as aqui na Europa.<\/p>\n<p>Vemos que muitas organiza\u00e7\u00f5es, e grande parte da sociedade civil, entende que a luta Ind\u00edgena \u00e9 a luta deles tamb\u00e9m. Que a luta Ind\u00edgena \u00e9 a luta por uma humanidade que vive no mesmo barco, que navega no mesmo mar. E qualquer coisa que aconte\u00e7a com esse barco, e com esse mar, vai impactar todo o mundo.<\/p>\n<\/div>\n<hr \/>\n<p>External Link<\/p>\n<div class=\"vlp-link-container vlp-layout-azimuth-2\"><a href=\"https:\/\/agenciabrasil.ebc.com.br\/geral\/noticia\/2024-03\/apib-pede-inclusao-de-mais-biomas-brasileiros-em-regulacao-europeia\" class=\"vlp-link\" title=\"Apib pede inclus\u00e3o de mais biomas brasileiros em regula\u00e7\u00e3o europeia | Ag\u00eancia Brasil\" rel=\"nofollow\" target=\"_blank\"><\/a><div class=\"vlp-layout-zone-side\"><div class=\"vlp-block-3 vlp-link-image\"><img class=\"lazyload\" decoding=\"async\" src=\"data:image\/gif;base64,R0lGODlhAQABAAAAACH5BAEKAAEALAAAAAABAAEAAAICTAEAOw==\" data-orig-src=\"https:\/\/imagens.ebc.com.br\/8ZiLLJH_zX6rOXdTleIA-0vmIgI=\/1600x800\/https:\/\/agenciabrasil.ebc.com.br\/sites\/default\/files\/thumbnails\/image\/seca_cerrado170920112013_0.jpg?itok=zVEC8zCy\" style=\"max-width: 150px; max-height: 150px\" \/><\/div><\/div><div class=\"vlp-layout-zone-main\"><h3 class=\"vlp-block-0 vlp-link-title\">Apib pede inclus\u00e3o de mais biomas brasileiros em regula\u00e7\u00e3o europeia | Ag\u00eancia Brasil<\/h3><div class=\"vlp-block-1 vlp-link-summary\">https:\/\/agenciabrasil.ebc.com.br\/geral\/noticia\/2024-03\/apib-pede-inclusao-de-mais-biomas-brasileiros-em-regulacao-europeia<\/div><div class=\"vlp-block-2 vlp-link-url\">https:\/\/agenciabrasil.ebc.com.br\/geral\/noticia\/2024-03\/apib-pede-inclusao-de-mais-biomas-brasileiros-em-regulacao-europeia<\/div><\/div><\/div>\n<hr \/>\n<div class=\"ebd-block \" data-type=\"text\">\n<p><strong data-redactor-tag=\"strong\" data-verified=\"redactor\"><span style=\"color: #e44a4a;\" data-redactor-tag=\"span\" data-verified=\"redactor\" data-redactor-style=\"color: #E44A4A\">MARIANA MARQUES<\/span><\/strong><\/p>\n<p><em data-redactor-tag=\"em\" data-verified=\"redactor\">Como \u00e9 que se consegue passar a mensagem sobre os desafios comuns que as comunidades Ind\u00edgenas enfrentam, mantendo ao mesmo tempo muito presente a enorme heterogeneidade e pluralidade que existe entre os diferentes Povos Ind\u00edgenas do Brasil, e do mundo?<\/em><\/p>\n<p><strong data-redactor-tag=\"strong\" data-verified=\"redactor\"><span style=\"color: #e44a4a;\" data-redactor-tag=\"span\" data-verified=\"redactor\" data-redactor-style=\"color: #E44A4A\">EDSON KRENAK<\/span><\/strong><\/p>\n<p>\u00c9 muito dif\u00edcil. Tem hora que eu me fa\u00e7o essa pergunta, tamb\u00e9m. Mas \u00e9 como numa fam\u00edlia grande. Voc\u00ea tem muitas diferen\u00e7as, mas a gente sempre pensa assim: &#8220;Aquilo que nos une \u00e9 maior e mais importante do que aquilo que nos separa&#8221;. Embora essas separa\u00e7\u00f5es n\u00e3o sejam todas negativas. Tem muitas diferen\u00e7as que s\u00e3o muito positivas. Mas o que nos une \u00e9 esse amor pela M\u00e3e Terra. O que nos une \u00e9 esse amor pelo respeito ao que \u00e9 humano, pelo respeito \u00e0s esp\u00e9cies, pelo respeito \u00e0 biodiversidade. Isso nos une a todos, a todos os Povos Ind\u00edgenas.<\/p>\n<p>Tem alguns setores da sociedade mundial para\u00a0quem, infelizmente, o meio ambiente e\u00a0a biodiversidade\u00a0n\u00e3o s\u00e3o importantes. As grandes empresas de extrativismo, por exemplo.\u00a0Mas os Povos Ind\u00edgenas, embora falem l\u00ednguas diferentes,\u00a0eles t\u00eam aprendido a usar a mesma linguagem, quando \u00e9 a respeito de defender os nossos direitos.<\/p>\n<p>At\u00e9 mesmo a defini\u00e7\u00e3o de &#8220;Povos Ind\u00edgenas&#8221;. Ainda muitas comunidades n\u00e3o gostam desse termo. Mas eles entendem que a denomina\u00e7\u00e3o &#8220;Povos Ind\u00edgenas&#8221; \u00e9 uma denomina\u00e7\u00e3o de luta pol\u00edtica, de contexto de intera\u00e7\u00e3o, de rela\u00e7\u00f5es de poder com o Estado, com as empresas, com as grandes corpora\u00e7\u00f5es. Ent\u00e3o, nesse contexto, a gente entende.<\/p>\n<\/div>\n<hr \/>\n<p>External Link<\/p>\n<div class=\"vlp-link-container vlp-layout-azimuth-2\"><a href=\"https:\/\/news.un.org\/pt\/story\/2023\/08\/1818762\" class=\"vlp-link\" title=\"Dia Internacional dos Povos Ind\u00edgenas destaca papel da juventude | ONU News\" rel=\"nofollow\" target=\"_blank\"><\/a><div class=\"vlp-layout-zone-side\"><div class=\"vlp-block-3 vlp-link-image\"><img class=\"lazyload\" decoding=\"async\" src=\"data:image\/gif;base64,R0lGODlhAQABAAAAACH5BAEKAAEALAAAAAABAAEAAAICTAEAOw==\" data-orig-src=\"https:\/\/global.unitednations.entermediadb.net\/assets\/mediadb\/services\/module\/asset\/downloads\/preset\/Libraries\/Production%20Library\/18-01-2022-lutana-ribeiro.jpg\/image770x420cropped.jpg\" style=\"max-width: 150px; max-height: 150px\" \/><\/div><\/div><div class=\"vlp-layout-zone-main\"><h3 class=\"vlp-block-0 vlp-link-title\">Dia Internacional dos Povos Ind\u00edgenas destaca papel da juventude | ONU News<\/h3><div class=\"vlp-block-1 vlp-link-summary\">https:\/\/news.un.org\/pt\/story\/2023\/08\/1818762<\/div><div class=\"vlp-block-2 vlp-link-url\">https:\/\/news.un.org\/pt\/story\/2023\/08\/1818762<\/div><\/div><\/div>\n<hr \/>\n<div class=\"ebd-block \" data-type=\"text\">\n<p><strong data-redactor-tag=\"strong\" data-verified=\"redactor\"><span style=\"color: #e44a4a;\" data-redactor-tag=\"span\" data-verified=\"redactor\" data-redactor-style=\"color: #E44A4A\">MARIANA MARQUES<\/span><\/strong><\/p>\n<p><span style=\"color: #333333;\" data-redactor-tag=\"span\" data-verified=\"redactor\" data-redactor-style=\"color: #333333\"><em data-redactor-tag=\"em\" data-verified=\"redactor\">S<\/em><\/span><em data-redactor-tag=\"em\" data-verified=\"redactor\">abemos que os minerais necess\u00e1rios \u00e0 transi\u00e7\u00e3o energ\u00e9tica se localizam de forma muito significativa em territ\u00f3rios Ind\u00edgenas. Um tema que a SIRGE Coalition, na qual o Edson integra o comit\u00e9 executivo, tem trabalhado de uma forma\u00a0muito significativa<\/em><span style=\"color: #333333;\" data-redactor-tag=\"span\" data-verified=\"redactor\" data-redactor-style=\"color: #333333\"><em data-redactor-tag=\"em\" data-verified=\"redactor\">.<\/em><\/span><\/p>\n<p><em data-redactor-tag=\"em\" data-verified=\"redactor\">Sabemos, tamb\u00e9m, que as pol\u00edticas de prote\u00e7\u00e3o ambiental, como o &#8220;30&#215;30&#8221;, podem levar \u00e0 expuls\u00e3o for\u00e7ada de comunidades Ind\u00edgenas dos seus territ\u00f3rios, em nome de uma ideia de conserva\u00e7\u00e3o que exclui a presen\u00e7a de seres humanos nessas \u00e1reas protegidas.<\/em><\/p>\n<p><em data-redactor-tag=\"em\" data-verified=\"redactor\">qu\u00e3o crucial \u00e9 trazer a realidade dos Povos Ind\u00edgenas para os debates internacionais sobre o clima e a transi\u00e7\u00e3o energ\u00e9tica, para garantir que este processo seja justo, assente na defesa dos direitos humanos, e imune \u00e0s piores inst\u00e2ncias de greenwashing?<\/em><\/p>\n<p><strong data-redactor-tag=\"strong\" data-verified=\"redactor\"><span style=\"color: #e44a4a;\" data-redactor-tag=\"span\" data-verified=\"redactor\" data-redactor-style=\"color: #E44A4A\">EDSON KRENAK<\/span><\/strong><\/p>\n<p>A SIRGE Coalition tem uma estrat\u00e9gia muito forte, no sentido de atuar em \u00e1reas diferentes. A gente tem membros que atuam diretamente com mineradoras. Outros, diretamente com bancos, com investidores. Outros que atuam diretamente, como a Cultural Survival, com comunidades Ind\u00edgenas. Organiza\u00e7\u00f5es que focam bastante o trabalho na quest\u00e3o do debate a respeito do clima.<\/p>\n<p>O mais importante para a gente \u00e9 levar a demanda e a necessidade, a hist\u00f3ria Ind\u00edgena, a esses lugares. Quando a gente mostra o que est\u00e1 acontecendo no territ\u00f3rio Ind\u00edgena, isso se torna a nossa arma mais poderosa.<\/p>\n<p>Vou te dar um exemplo. Uma empresa grande veio at\u00e9 n\u00f3s, em mar\u00e7o, e mostrou como as suas pol\u00edticas\u00a0de meio ambiente, de\u00a0sustentabilidade, seguiam\u00a0tudo direitinho. &#8220;OK. Voc\u00eas, em rela\u00e7\u00e3o \u00e0s outras empresas, em rela\u00e7\u00e3o ao governo, em rela\u00e7\u00e3o \u00e0 legisla\u00e7\u00e3o, voc\u00eas est\u00e3o bem. Vamos conversar com as comunidades que est\u00e3o perto dos seus empreendimentos&#8221;. E quando a gente conversa com as comunidades, a hist\u00f3ria \u00e9 totalmente diferente.<\/p>\n<p>As comunidades n\u00e3o s\u00e3o consultadas, como est\u00e1 acontecendo\u00a0agora\u00a0mesmo, no Brasil, em rela\u00e7\u00e3o ao l\u00edtio. As comunidades n\u00e3o s\u00e3o consultadas. Nos relat\u00f3rios de impacto ambiental que a mineradora vendeu &#8211; &#8220;vendeu&#8221; no sentido de &#8220;compartilhou&#8221; &#8211; com os investidores, n\u00e3o havia grandes impactos ambientais. No territ\u00f3rio, a comunidade me mostrou:\u00a0&#8220;Olha, h\u00e1 5 anos atr\u00e1s, a gente tinha um rio aqui, um riacho, aqui. Agora, j\u00e1 n\u00e3o tem mais riacho. Est\u00e1 seco&#8221;. Ou: &#8220;Edson, as crian\u00e7as andavam aqui, brincavam nesse territ\u00f3rio, nessa rua, tranquilamente. Hoje, elas n\u00e3o podem fazer isso mais, porque existe um ataque todos os dias, de morcegos. Os morcegos est\u00e3o incomodados, stressados, por causa da mineradora&#8221;.<\/p>\n<\/div>\n<hr \/>\n<p>External Link<\/p>\n<div class=\"vlp-link-container vlp-layout-azimuth-2\"><a href=\"https:\/\/cimi.org.br\/2023\/10\/pankararu-denuncia-na-onu-exploracao-litio-redes-transmissao-vale-jequitinhonha\/\" class=\"vlp-link\" title=\"Lideran\u00e7a Pankararu denuncia na ONU os impactos da explora\u00e7\u00e3o de l\u00edtio e redes de transmiss\u00e3o de energia no Vale do Jequitinhonha | Cimi\" rel=\"nofollow\" target=\"_blank\"><\/a><div class=\"vlp-layout-zone-side\"><div class=\"vlp-block-3 vlp-link-image\"><img decoding=\"async\" style=\"max-width: 150px;\" width=\"150\" height=\"100\" src=\"https:\/\/azimuthworldfoundation.org\/wp-content\/uploads\/2024\/07\/Mina-de-Litio-na-cidade-de-Aracuai-nordeste-de-Minas-Gerais-da-mineradora-Sigma-Lithium-Foto-TABA-BEN.jpg\" class=\"attachment-150x999 size-150x999 lazyload\" alt=\"\" srcset=\"data:image\/svg+xml,%3Csvg%20xmlns%3D%27http%3A%2F%2Fwww.w3.org%2F2000%2Fsvg%27%20width%3D%271050%27%20height%3D%27700%27%20viewBox%3D%270%200%201050%20700%27%3E%3Crect%20width%3D%271050%27%20height%3D%27700%27%20fill-opacity%3D%220%22%2F%3E%3C%2Fsvg%3E\" data-orig-src=\"https:\/\/azimuthworldfoundation.org\/wp-content\/uploads\/2024\/07\/Mina-de-Litio-na-cidade-de-Aracuai-nordeste-de-Minas-Gerais-da-mineradora-Sigma-Lithium-Foto-TABA-BEN.jpg\" data-srcset=\"https:\/\/azimuthworldfoundation.org\/wp-content\/uploads\/2024\/07\/Mina-de-Litio-na-cidade-de-Aracuai-nordeste-de-Minas-Gerais-da-mineradora-Sigma-Lithium-Foto-TABA-BEN-200x133.jpg 200w, https:\/\/azimuthworldfoundation.org\/wp-content\/uploads\/2024\/07\/Mina-de-Litio-na-cidade-de-Aracuai-nordeste-de-Minas-Gerais-da-mineradora-Sigma-Lithium-Foto-TABA-BEN-300x200.jpg 300w, https:\/\/azimuthworldfoundation.org\/wp-content\/uploads\/2024\/07\/Mina-de-Litio-na-cidade-de-Aracuai-nordeste-de-Minas-Gerais-da-mineradora-Sigma-Lithium-Foto-TABA-BEN-400x267.jpg 400w, https:\/\/azimuthworldfoundation.org\/wp-content\/uploads\/2024\/07\/Mina-de-Litio-na-cidade-de-Aracuai-nordeste-de-Minas-Gerais-da-mineradora-Sigma-Lithium-Foto-TABA-BEN-600x400.jpg 600w, https:\/\/azimuthworldfoundation.org\/wp-content\/uploads\/2024\/07\/Mina-de-Litio-na-cidade-de-Aracuai-nordeste-de-Minas-Gerais-da-mineradora-Sigma-Lithium-Foto-TABA-BEN-768x512.jpg 768w, https:\/\/azimuthworldfoundation.org\/wp-content\/uploads\/2024\/07\/Mina-de-Litio-na-cidade-de-Aracuai-nordeste-de-Minas-Gerais-da-mineradora-Sigma-Lithium-Foto-TABA-BEN-800x533.jpg 800w, https:\/\/azimuthworldfoundation.org\/wp-content\/uploads\/2024\/07\/Mina-de-Litio-na-cidade-de-Aracuai-nordeste-de-Minas-Gerais-da-mineradora-Sigma-Lithium-Foto-TABA-BEN-1024x683.jpg 1024w, https:\/\/azimuthworldfoundation.org\/wp-content\/uploads\/2024\/07\/Mina-de-Litio-na-cidade-de-Aracuai-nordeste-de-Minas-Gerais-da-mineradora-Sigma-Lithium-Foto-TABA-BEN.jpg 1050w\" data-sizes=\"auto\" \/><\/div><\/div><div class=\"vlp-layout-zone-main\"><h3 class=\"vlp-block-0 vlp-link-title\">Lideran\u00e7a Pankararu denuncia na ONU os impactos da explora\u00e7\u00e3o de l\u00edtio e redes de transmiss\u00e3o de energia no Vale do Jequitinhonha | Cimi<\/h3><div class=\"vlp-block-1 vlp-link-summary\">https:\/\/cimi.org.br\/2023\/10\/pankararu-denuncia-na-onu-exploracao-litio-redes-transmissao-vale-jequitinhonha\/<\/div><div class=\"vlp-block-2 vlp-link-url\">https:\/\/cimi.org.br\/2023\/10\/pankararu-denuncia-na-onu-exploracao-litio-redes-transmissao-vale-jequitinhonha\/<\/div><\/div><\/div>\n<hr \/>\n<div class=\"ebd-block \" data-type=\"text\">\n<p>O greenwashing n\u00e3o vai ser identificado por uma empresa de auditoria. Ele n\u00e3o vai ser identificado por uma certifica\u00e7\u00e3o, que hoje est\u00e1 se multiplicando, por causa desses minerais de transi\u00e7\u00e3o. Quase cada semana a gente recebe uma not\u00edcia de que tem uma nova certifica\u00e7\u00e3o, uma nova estandardiza\u00e7\u00e3o.\u00a0Somente as comunidades locais, as comunidades Ind\u00edgenas podem faz\u00ea-lo. As comunidades Ind\u00edgenas\u00a0t\u00eam dados, in\u00fameros dados.<\/p>\n<p>E n\u00e3o somente\u00a0dados, mas\u00a0tamb\u00e9m\u00a0solu\u00e7\u00f5es. Porque lugares em que elas conseguiram vit\u00f3ria, mesmo que seja uma vit\u00f3ria simples, pequena, elas t\u00eam dado conta de proteger aquilo que protege a vida. Essa \u00e9 a maneira como as comunidades Ind\u00edgenas t\u00eam lutado contra isso.<\/p>\n<p>E eu n\u00e3o preciso dizer que \u00e9 uma luta quase que injusta. Porque as comunidades, al\u00e9m de serem as maiores impactadas pela mudan\u00e7a clim\u00e1tica, s\u00e3o as que t\u00eam menos benef\u00edcios da transi\u00e7\u00e3o, do desenvolvimento. Elas n\u00e3o t\u00eam quase fundos nenhuns. Quase n\u00e3o existem mecanismos financeiros, ou de mitiga\u00e7\u00e3o de impacto da crise clim\u00e1tica. Ent\u00e3o, as comunidades Ind\u00edgenas quase fazem milagres.<\/p>\n<p>Porque n\u00e3o existe seguro contra desastre ambiental nas suas comunidades, mas existe o seguro milion\u00e1rio para uma mineradora. N\u00e3o existe um investidor poderoso nos projetos de meio ambiente da comunidade, mas existem bancos nacionais e internacionais investindo em mineradoras. Ent\u00e3o, essa \u00e9 a nossa luta. E \u00e9 por isso que eu aprecio o trabalho que a Azimuth est\u00e1 fazendo, de dar a voz a essa quest\u00e3o, de fazer essas perguntas t\u00e3o importantes, e de compartilhar aqui o que est\u00e1 acontecendo, e como est\u00e3o acontecendo essas quest\u00f5es.<\/p>\n<\/div>\n<hr \/>\n<p>External Link<\/p>\n<div class=\"vlp-link-container vlp-layout-azimuth-2\"><a href=\"https:\/\/www.brasildefato.com.br\/2022\/11\/16\/indigenas-acessam-diretamente-so-7-dos-recursos-doados-para-que-preservem-florestas\" class=\"vlp-link\" title=\"Ind\u00edgenas acessam diretamente s\u00f3 7% dos recursos doados para que preservem florestas\" rel=\"nofollow\" target=\"_blank\"><\/a><div class=\"vlp-layout-zone-side\"><div class=\"vlp-block-3 vlp-link-image\"><img class=\"lazyload\" decoding=\"async\" src=\"data:image\/gif;base64,R0lGODlhAQABAAAAACH5BAEKAAEALAAAAAABAAEAAAICTAEAOw==\" data-orig-src=\"https:\/\/assets.brasildefato.com.br\/2024\/09\/image_processing20221116-25360-1mi1b17.jpeg\" style=\"max-width: 150px; max-height: 150px\" \/><\/div><\/div><div class=\"vlp-layout-zone-main\"><h3 class=\"vlp-block-0 vlp-link-title\">Ind\u00edgenas acessam diretamente s\u00f3 7% dos recursos doados para que preservem florestas<\/h3><div class=\"vlp-block-1 vlp-link-summary\">https:\/\/www.brasildefato.com.br\/2022\/11\/16\/indigenas-acessam-diretamente-so-7-dos-recursos-doados-para-que-preservem-florestas<\/div><div class=\"vlp-block-2 vlp-link-url\">https:\/\/www.brasildefato.com.br\/2022\/11\/16\/indigenas-acessam-diretamente-so-7-dos-recursos-doados-para-que-preservem-florestas<\/div><\/div><\/div>\n<hr \/>\n<div class=\"ebd-block \" data-type=\"text\">\n<p><strong data-redactor-tag=\"strong\" data-verified=\"redactor\"><span style=\"color: #e44a4a;\" data-redactor-tag=\"span\" data-verified=\"redactor\" data-redactor-style=\"color: #E44A4A\">MARIANA MARQUES<\/span><\/strong><\/p>\n<p><em data-redactor-tag=\"em\" data-verified=\"redactor\">Obrigada pelas palavras, Edson.<\/em><\/p>\n<p><em data-redactor-tag=\"em\" data-verified=\"redactor\">Estava a pensar nos nossos ouvintes que estejam, por exemplo,\u00a0na Europa,\u00a0e\u00a0que podem estar a ganhar cada vez mais acesso a vozes Ind\u00edgenas, e a ficaram mais sensibilizados para a prote\u00e7\u00e3o dos direitos dos Povos Ind\u00edgenas<span style=\"color: #333333;\" data-redactor-tag=\"span\" data-verified=\"redactor\" data-redactor-style=\"color: #333333\"><em data-redactor-tag=\"em\" data-verified=\"redactor\">.<\/em><\/span><\/em><\/p>\n<p><em data-redactor-tag=\"em\" data-verified=\"redactor\">Por\u00e9m, podem ainda perguntar-se: &#8220;Mas, afinal, aqui t\u00e3o longe, o que \u00e9 que eu posso fazer&#8221;? Quais s\u00e3o as melhores formas de ser hoje um aliado dos Povos Ind\u00edgenas?<\/em><\/p>\n<p><strong data-redactor-tag=\"strong\" data-verified=\"redactor\"><span style=\"color: #e44a4a;\" data-redactor-tag=\"span\" data-verified=\"redactor\" data-redactor-style=\"color: #E44A4A\">EDSON KRENAK<\/span><\/strong><\/p>\n<p>Minha melhor resposta seria: &#8220;Vem passar um tempo em nossas comunidades, e aprender com a gente, e lutar connosco, l\u00e1&#8221;. Mas eu sei que \u00e9 imposs\u00edvel, porque as comunidades s\u00e3o pequenas, s\u00e3o vulner\u00e1veis, t\u00eam v\u00e1rios desafios.<\/p>\n<p>Ent\u00e3o, a melhor forma seria, primeiro, se informar a respeito do que as comunidades Ind\u00edgenas est\u00e3o fazendo. Se informar a respeito das organiza\u00e7\u00f5es Ind\u00edgenas. Se informar a respeito das opera\u00e7\u00f5es e atividades europeias que impactam as comunidades Ind\u00edgenas. Apoiar projetos pol\u00edticos e sociais que apoiam essas comunidades pol\u00edticas.<\/p>\n<p>E, claro, convidar Ind\u00edgenas para vir aqui conversar com voc\u00eas. N\u00f3s temos, n\u00e3o somente no Brasil, mas no mundo inteiro, Ind\u00edgenas, l\u00edderes Ind\u00edgenas, mulheres Ind\u00edgenas, jovens Ind\u00edgenas maravilhosos, que est\u00e3o prontos para compartilhar, ensinar, e trabalhar junto e colaborar. Ent\u00e3o, a gente precisa de mais colabora\u00e7\u00e3o.<\/p>\n<\/div>\n<hr \/>\n<p>External Link<\/p>\n<div class=\"vlp-link-container vlp-layout-azimuth-2\"><a href=\"https:\/\/www.culturalsurvival.org\/\" class=\"vlp-link\" title=\"Cultural Survival\" rel=\"nofollow\" target=\"_blank\"><\/a><div class=\"vlp-layout-zone-side\"><div class=\"vlp-block-3 vlp-link-image\"><img decoding=\"async\" style=\"max-width: 150px;\" width=\"150\" height=\"40\" src=\"https:\/\/azimuthworldfoundation.org\/wp-content\/uploads\/2024\/07\/cslogo-x2.webp\" class=\"attachment-150x999 size-150x999 lazyload\" alt=\"\" srcset=\"data:image\/svg+xml,%3Csvg%20xmlns%3D%27http%3A%2F%2Fwww.w3.org%2F2000%2Fsvg%27%20width%3D%27753%27%20height%3D%27200%27%20viewBox%3D%270%200%20753%20200%27%3E%3Crect%20width%3D%27753%27%20height%3D%27200%27%20fill-opacity%3D%220%22%2F%3E%3C%2Fsvg%3E\" data-orig-src=\"https:\/\/azimuthworldfoundation.org\/wp-content\/uploads\/2024\/07\/cslogo-x2.webp\" data-srcset=\"https:\/\/azimuthworldfoundation.org\/wp-content\/uploads\/2024\/07\/cslogo-x2-200x53.webp 200w, https:\/\/azimuthworldfoundation.org\/wp-content\/uploads\/2024\/07\/cslogo-x2-300x80.webp 300w, https:\/\/azimuthworldfoundation.org\/wp-content\/uploads\/2024\/07\/cslogo-x2-400x106.webp 400w, https:\/\/azimuthworldfoundation.org\/wp-content\/uploads\/2024\/07\/cslogo-x2-600x159.webp 600w, https:\/\/azimuthworldfoundation.org\/wp-content\/uploads\/2024\/07\/cslogo-x2.webp 753w\" data-sizes=\"auto\" \/><\/div><\/div><div class=\"vlp-layout-zone-main\"><h3 class=\"vlp-block-0 vlp-link-title\">Cultural Survival<\/h3><div class=\"vlp-block-1 vlp-link-summary\">Website Oficial<br \/>\nhttps:\/\/www.culturalsurvival.org\/<\/div><div class=\"vlp-block-2 vlp-link-url\">https:\/\/www.culturalsurvival.org\/<\/div><\/div><\/div>\n<hr \/>\n<div class=\"ebd-block \" data-type=\"rule\">\n<p><em data-redactor-tag=\"em\" data-verified=\"redactor\"><span style=\"color: #000000;\" data-redactor-tag=\"span\" data-verified=\"redactor\" data-redactor-style=\"color: #000000\">\u00a0<\/span><\/em><\/p>\n<\/div>\n","protected":false},"excerpt":{"rendered":"<p>Uma discuss\u00e3o profunda sobre direitos ind\u00edgenas na transi\u00e7\u00e3o verde, o [&hellip;]<\/p>\n","protected":false},"author":7,"featured_media":2444,"comment_status":"open","ping_status":"open","sticky":false,"template":"","format":"standard","meta":{"_acf_changed":false,"footnotes":""},"categories":[145],"tags":[],"class_list":["post-4766","post","type-post","status-publish","format-standard","has-post-thumbnail","hentry","category-ambiente-territorios-pt-pt-5"],"acf":[],"_links":{"self":[{"href":"https:\/\/azimuthworldfoundation.org\/pt-pt\/wp-json\/wp\/v2\/posts\/4766","targetHints":{"allow":["GET"]}}],"collection":[{"href":"https:\/\/azimuthworldfoundation.org\/pt-pt\/wp-json\/wp\/v2\/posts"}],"about":[{"href":"https:\/\/azimuthworldfoundation.org\/pt-pt\/wp-json\/wp\/v2\/types\/post"}],"author":[{"embeddable":true,"href":"https:\/\/azimuthworldfoundation.org\/pt-pt\/wp-json\/wp\/v2\/users\/7"}],"replies":[{"embeddable":true,"href":"https:\/\/azimuthworldfoundation.org\/pt-pt\/wp-json\/wp\/v2\/comments?post=4766"}],"version-history":[{"count":0,"href":"https:\/\/azimuthworldfoundation.org\/pt-pt\/wp-json\/wp\/v2\/posts\/4766\/revisions"}],"wp:featuredmedia":[{"embeddable":true,"href":"https:\/\/azimuthworldfoundation.org\/pt-pt\/wp-json\/wp\/v2\/media\/2444"}],"wp:attachment":[{"href":"https:\/\/azimuthworldfoundation.org\/pt-pt\/wp-json\/wp\/v2\/media?parent=4766"}],"wp:term":[{"taxonomy":"category","embeddable":true,"href":"https:\/\/azimuthworldfoundation.org\/pt-pt\/wp-json\/wp\/v2\/categories?post=4766"},{"taxonomy":"post_tag","embeddable":true,"href":"https:\/\/azimuthworldfoundation.org\/pt-pt\/wp-json\/wp\/v2\/tags?post=4766"}],"curies":[{"name":"wp","href":"https:\/\/api.w.org\/{rel}","templated":true}]}}